{"id":132,"date":"2016-08-26T15:15:50","date_gmt":"2016-08-26T13:15:50","guid":{"rendered":"https:\/\/blog.holyart.it\/de\/?p=132"},"modified":"2018-07-25T12:26:11","modified_gmt":"2018-07-25T10:26:11","slug":"liturgische-stola","status":"publish","type":"post","link":"https:\/\/blog.holyart.it\/de\/liturgische-gerate\/liturgische-stola\/","title":{"rendered":"Liturgische Stola"},"content":{"rendered":"<p>Die <strong>liturgische Stola<\/strong> wird normalerweise bei Diakonen, und bei Priester und Bisch\u00f6fen unter der Kasel. Insbesondere sind die <strong>Stolen f\u00fcr Diakone<\/strong> umgeh\u00e4ngt, vom linken Schulter und verbunden am unter dem rechten Arm. Priester und Bisch\u00f6fe tragen die <strong>Stola<\/strong> um dem Hals.<\/p>\n<p>Die <span style=\"color: #0000ff;\"><strong><a style=\"color: #0000ff;\" title=\"Liturgische Stola\" href=\"https:\/\/www.holyart.de\/liturgische-gerate\/paramente-altargarnitur-und-pultbehange\/priesterstolen\">liturgische Stola<\/a><\/strong><\/span> bekam Symbol des Diakons und Priesters und Bischofs nur im 10. Jahrhundert. Am Anfang hatte sie den Name \u201eorario\u201c oder \u201e<strong>mappa<\/strong>\u201c, \u201e<strong>sudarium<\/strong>\u201c.<\/p>\n<p>Die <strong>Diakon Stola<\/strong> nimmt den Namen von \u201emappa, mappula\u201c, ein Tuch getragen auf dem linken Schulter f\u00fcr den Dienst bei heidnischen Feier.<\/p>\n<p>Das \u201eSudarium\u201c war ein Tuch, das die Redner um den Hals hatten, um sich den Sudor w\u00e4hrend der Andachte zu trocknen. Nachher fingen die Priester an, eine Art Leichentuch anzuziehen, beide f\u00fcr Winter und Sommer.<\/p>\n<p>Beide diese Paramenten gewinnen dann die Form von einem Streifen, typisch der heutigen <strong>liturgischen Stolen<\/strong>, mit L\u00e4nge von 200\/250cm und Breite von 8\/10cm.<\/p>\n<p>Die <strong>liturgische Stola<\/strong> ist aus Seide oder aus anderen Materialen wie Polyester oder Wolle.<\/p>\n<p>Vor der liturgischen Reform hatten die <strong>Stolen<\/strong> ein Kreuz in der Mitte und am Ende jedes Segel. Es gab viele Modelle voll von Stickereien und Dekorationen. Heute sind die <strong>liturgischen Stolen<\/strong> einfacher.<\/p>\n<p>Die Farbe der <strong>Stola<\/strong> \u00e4ndert je nach der liturgischen Zeit, und folgt die <strong>liturgischen Farben<\/strong>.<\/p>\n","protected":false},"excerpt":{"rendered":"<p>Die liturgische Stola wird normalerweise bei Diakonen, und bei Priester und Bisch\u00f6fen unter der Kasel. Insbesondere sind die Stolen f\u00fcr Diakone umgeh\u00e4ngt, vom linken Schulter und verbunden am unter dem rechten Arm. Priester und Bisch\u00f6fe tragen die Stola um dem Hals. Die liturgische Stola bekam&hellip;<\/p>\n","protected":false},"author":1,"featured_media":133,"comment_status":"closed","ping_status":"open","sticky":false,"template":"","format":"standard","meta":{"_acf_changed":false,"footnotes":""},"categories":[5],"tags":[],"class_list":["post-132","post","type-post","status-publish","format-standard","has-post-thumbnail","hentry","category-liturgische-gerate"],"acf":[],"yoast_head":"<!-- This site is optimized with the Yoast SEO plugin v26.6 - https:\/\/yoast.com\/wordpress\/plugins\/seo\/ -->\n<title>Liturgische Stola - Holyart.de Blog<\/title>\n<meta name=\"description\" content=\"Die liturgische Stola bekam Symbol des Diakons und Priesters und Bischofs nur im 10. Jahrhundert. Am Anfang hatte sie den Name \u201eorario\u201c oder \u201emappa\u201c\" \/>\n<meta name=\"robots\" content=\"index, follow, max-snippet:-1, max-image-preview:large, max-video-preview:-1\" \/>\n<link rel=\"canonical\" href=\"https:\/\/blog.holyart.it\/de\/liturgische-gerate\/liturgische-stola\/\" \/>\n<meta property=\"og:locale\" content=\"de_DE\" \/>\n<meta property=\"og:type\" content=\"article\" \/>\n<meta property=\"og:title\" content=\"Liturgische Stola - Holyart.de Blog\" \/>\n<meta property=\"og:description\" content=\"Die liturgische Stola bekam Symbol des Diakons und Priesters und Bischofs nur im 10. Jahrhundert. Am Anfang hatte sie den Name \u201eorario\u201c oder \u201emappa\u201c\" \/>\n<meta property=\"og:url\" content=\"https:\/\/blog.holyart.it\/de\/liturgische-gerate\/liturgische-stola\/\" \/>\n<meta property=\"og:site_name\" content=\"Holyart.de Blog\" \/>\n<meta property=\"article:published_time\" content=\"2016-08-26T13:15:50+00:00\" \/>\n<meta property=\"article:modified_time\" content=\"2018-07-25T10:26:11+00:00\" \/>\n<meta property=\"og:image\" content=\"https:\/\/blog.holyart.it\/de\/wp-content\/uploads\/sites\/12\/2016\/10\/Liturgische-Stola.jpg\" \/>\n\t<meta property=\"og:image:width\" content=\"1000\" \/>\n\t<meta property=\"og:image:height\" content=\"666\" \/>\n\t<meta property=\"og:image:type\" content=\"image\/jpeg\" \/>\n<meta name=\"author\" content=\"Redazione\" \/>\n<meta name=\"twitter:card\" content=\"summary_large_image\" \/>\n<meta name=\"twitter:label1\" content=\"Verfasst von\" \/>\n\t<meta name=\"twitter:data1\" content=\"Redazione\" \/>\n\t<meta name=\"twitter:label2\" content=\"Gesch\u00e4tzte Lesezeit\" \/>\n\t<meta name=\"twitter:data2\" content=\"1\u00a0Minute\" \/>\n<script type=\"application\/ld+json\" class=\"yoast-schema-graph\">{\"@context\":\"https:\/\/schema.org\",\"@graph\":[{\"@type\":\"Article\",\"@id\":\"https:\/\/blog.holyart.it\/de\/liturgische-gerate\/liturgische-stola\/#article\",\"isPartOf\":{\"@id\":\"https:\/\/blog.holyart.it\/de\/liturgische-gerate\/liturgische-stola\/\"},\"author\":{\"name\":\"Redazione\",\"@id\":\"https:\/\/blog.holyart.it\/de\/#\/schema\/person\/0a7b686e5af0f856ec1e390dd0baecda\"},\"headline\":\"Liturgische Stola\",\"datePublished\":\"2016-08-26T13:15:50+00:00\",\"dateModified\":\"2018-07-25T10:26:11+00:00\",\"mainEntityOfPage\":{\"@id\":\"https:\/\/blog.holyart.it\/de\/liturgische-gerate\/liturgische-stola\/\"},\"wordCount\":216,\"publisher\":{\"@id\":\"https:\/\/blog.holyart.it\/de\/#organization\"},\"image\":{\"@id\":\"https:\/\/blog.holyart.it\/de\/liturgische-gerate\/liturgische-stola\/#primaryimage\"},\"thumbnailUrl\":\"https:\/\/blog.holyart.it\/de\/wp-content\/uploads\/sites\/12\/2016\/10\/Liturgische-Stola.jpg\",\"articleSection\":[\"Liturgie\"],\"inLanguage\":\"de\"},{\"@type\":\"WebPage\",\"@id\":\"https:\/\/blog.holyart.it\/de\/liturgische-gerate\/liturgische-stola\/\",\"url\":\"https:\/\/blog.holyart.it\/de\/liturgische-gerate\/liturgische-stola\/\",\"name\":\"Liturgische Stola - Holyart.de Blog\",\"isPartOf\":{\"@id\":\"https:\/\/blog.holyart.it\/de\/#website\"},\"primaryImageOfPage\":{\"@id\":\"https:\/\/blog.holyart.it\/de\/liturgische-gerate\/liturgische-stola\/#primaryimage\"},\"image\":{\"@id\":\"https:\/\/blog.holyart.it\/de\/liturgische-gerate\/liturgische-stola\/#primaryimage\"},\"thumbnailUrl\":\"https:\/\/blog.holyart.it\/de\/wp-content\/uploads\/sites\/12\/2016\/10\/Liturgische-Stola.jpg\",\"datePublished\":\"2016-08-26T13:15:50+00:00\",\"dateModified\":\"2018-07-25T10:26:11+00:00\",\"description\":\"Die liturgische Stola bekam Symbol des Diakons und Priesters und Bischofs nur im 10. Jahrhundert. Am Anfang hatte sie den Name \u201eorario\u201c oder \u201emappa\u201c\",\"breadcrumb\":{\"@id\":\"https:\/\/blog.holyart.it\/de\/liturgische-gerate\/liturgische-stola\/#breadcrumb\"},\"inLanguage\":\"de\",\"potentialAction\":[{\"@type\":\"ReadAction\",\"target\":[\"https:\/\/blog.holyart.it\/de\/liturgische-gerate\/liturgische-stola\/\"]}]},{\"@type\":\"ImageObject\",\"inLanguage\":\"de\",\"@id\":\"https:\/\/blog.holyart.it\/de\/liturgische-gerate\/liturgische-stola\/#primaryimage\",\"url\":\"https:\/\/blog.holyart.it\/de\/wp-content\/uploads\/sites\/12\/2016\/10\/Liturgische-Stola.jpg\",\"contentUrl\":\"https:\/\/blog.holyart.it\/de\/wp-content\/uploads\/sites\/12\/2016\/10\/Liturgische-Stola.jpg\",\"width\":1000,\"height\":666,\"caption\":\"Liturgische Stola\"},{\"@type\":\"BreadcrumbList\",\"@id\":\"https:\/\/blog.holyart.it\/de\/liturgische-gerate\/liturgische-stola\/#breadcrumb\",\"itemListElement\":[{\"@type\":\"ListItem\",\"position\":1,\"name\":\"Homepage\",\"item\":\"https:\/\/blog.holyart.it\/de\/\"},{\"@type\":\"ListItem\",\"position\":2,\"name\":\"Liturgie\",\"item\":\"https:\/\/blog.holyart.it\/de\/liturgische-gerate\/\"},{\"@type\":\"ListItem\",\"position\":3,\"name\":\"Liturgische Stola\"}]},{\"@type\":\"WebSite\",\"@id\":\"https:\/\/blog.holyart.it\/de\/#website\",\"url\":\"https:\/\/blog.holyart.it\/de\/\",\"name\":\"Holyart.de Blog\",\"description\":\"Holyblog\",\"publisher\":{\"@id\":\"https:\/\/blog.holyart.it\/de\/#organization\"},\"potentialAction\":[{\"@type\":\"SearchAction\",\"target\":{\"@type\":\"EntryPoint\",\"urlTemplate\":\"https:\/\/blog.holyart.it\/de\/?s={search_term_string}\"},\"query-input\":{\"@type\":\"PropertyValueSpecification\",\"valueRequired\":true,\"valueName\":\"search_term_string\"}}],\"inLanguage\":\"de\"},{\"@type\":\"Organization\",\"@id\":\"https:\/\/blog.holyart.it\/de\/#organization\",\"name\":\"Holyart.de Blog\",\"url\":\"https:\/\/blog.holyart.it\/de\/\",\"logo\":{\"@type\":\"ImageObject\",\"inLanguage\":\"de\",\"@id\":\"https:\/\/blog.holyart.it\/de\/#\/schema\/logo\/image\/\",\"url\":\"https:\/\/blog.holyart.it\/de\/wp-content\/uploads\/sites\/12\/2022\/12\/Holyart_Blog_Logo.jpg\",\"contentUrl\":\"https:\/\/blog.holyart.it\/de\/wp-content\/uploads\/sites\/12\/2022\/12\/Holyart_Blog_Logo.jpg\",\"width\":300,\"height\":50,\"caption\":\"Holyart.de Blog\"},\"image\":{\"@id\":\"https:\/\/blog.holyart.it\/de\/#\/schema\/logo\/image\/\"}},{\"@type\":\"Person\",\"@id\":\"https:\/\/blog.holyart.it\/de\/#\/schema\/person\/0a7b686e5af0f856ec1e390dd0baecda\",\"name\":\"Redazione\",\"image\":{\"@type\":\"ImageObject\",\"inLanguage\":\"de\",\"@id\":\"https:\/\/blog.holyart.it\/de\/#\/schema\/person\/image\/\",\"url\":\"https:\/\/secure.gravatar.com\/avatar\/f477da817f43e50d0af36abecd33e3edf826c68299714bdc1057dff3b113f516?s=96&d=mm&r=g\",\"contentUrl\":\"https:\/\/secure.gravatar.com\/avatar\/f477da817f43e50d0af36abecd33e3edf826c68299714bdc1057dff3b113f516?s=96&d=mm&r=g\",\"caption\":\"Redazione\"}}]}<\/script>\n<!-- \/ Yoast SEO plugin. -->","yoast_head_json":{"title":"Liturgische Stola - Holyart.de Blog","description":"Die liturgische Stola bekam Symbol des Diakons und Priesters und Bischofs nur im 10. Jahrhundert. Am Anfang hatte sie den Name \u201eorario\u201c oder \u201emappa\u201c","robots":{"index":"index","follow":"follow","max-snippet":"max-snippet:-1","max-image-preview":"max-image-preview:large","max-video-preview":"max-video-preview:-1"},"canonical":"https:\/\/blog.holyart.it\/de\/liturgische-gerate\/liturgische-stola\/","og_locale":"de_DE","og_type":"article","og_title":"Liturgische Stola - Holyart.de Blog","og_description":"Die liturgische Stola bekam Symbol des Diakons und Priesters und Bischofs nur im 10. Jahrhundert. Am Anfang hatte sie den Name \u201eorario\u201c oder \u201emappa\u201c","og_url":"https:\/\/blog.holyart.it\/de\/liturgische-gerate\/liturgische-stola\/","og_site_name":"Holyart.de Blog","article_published_time":"2016-08-26T13:15:50+00:00","article_modified_time":"2018-07-25T10:26:11+00:00","og_image":[{"width":1000,"height":666,"url":"https:\/\/blog.holyart.it\/de\/wp-content\/uploads\/sites\/12\/2016\/10\/Liturgische-Stola.jpg","type":"image\/jpeg"}],"author":"Redazione","twitter_card":"summary_large_image","twitter_misc":{"Verfasst von":"Redazione","Gesch\u00e4tzte Lesezeit":"1\u00a0Minute"},"schema":{"@context":"https:\/\/schema.org","@graph":[{"@type":"Article","@id":"https:\/\/blog.holyart.it\/de\/liturgische-gerate\/liturgische-stola\/#article","isPartOf":{"@id":"https:\/\/blog.holyart.it\/de\/liturgische-gerate\/liturgische-stola\/"},"author":{"name":"Redazione","@id":"https:\/\/blog.holyart.it\/de\/#\/schema\/person\/0a7b686e5af0f856ec1e390dd0baecda"},"headline":"Liturgische Stola","datePublished":"2016-08-26T13:15:50+00:00","dateModified":"2018-07-25T10:26:11+00:00","mainEntityOfPage":{"@id":"https:\/\/blog.holyart.it\/de\/liturgische-gerate\/liturgische-stola\/"},"wordCount":216,"publisher":{"@id":"https:\/\/blog.holyart.it\/de\/#organization"},"image":{"@id":"https:\/\/blog.holyart.it\/de\/liturgische-gerate\/liturgische-stola\/#primaryimage"},"thumbnailUrl":"https:\/\/blog.holyart.it\/de\/wp-content\/uploads\/sites\/12\/2016\/10\/Liturgische-Stola.jpg","articleSection":["Liturgie"],"inLanguage":"de"},{"@type":"WebPage","@id":"https:\/\/blog.holyart.it\/de\/liturgische-gerate\/liturgische-stola\/","url":"https:\/\/blog.holyart.it\/de\/liturgische-gerate\/liturgische-stola\/","name":"Liturgische Stola - Holyart.de Blog","isPartOf":{"@id":"https:\/\/blog.holyart.it\/de\/#website"},"primaryImageOfPage":{"@id":"https:\/\/blog.holyart.it\/de\/liturgische-gerate\/liturgische-stola\/#primaryimage"},"image":{"@id":"https:\/\/blog.holyart.it\/de\/liturgische-gerate\/liturgische-stola\/#primaryimage"},"thumbnailUrl":"https:\/\/blog.holyart.it\/de\/wp-content\/uploads\/sites\/12\/2016\/10\/Liturgische-Stola.jpg","datePublished":"2016-08-26T13:15:50+00:00","dateModified":"2018-07-25T10:26:11+00:00","description":"Die liturgische Stola bekam Symbol des Diakons und Priesters und Bischofs nur im 10. Jahrhundert. Am Anfang hatte sie den Name \u201eorario\u201c oder \u201emappa\u201c","breadcrumb":{"@id":"https:\/\/blog.holyart.it\/de\/liturgische-gerate\/liturgische-stola\/#breadcrumb"},"inLanguage":"de","potentialAction":[{"@type":"ReadAction","target":["https:\/\/blog.holyart.it\/de\/liturgische-gerate\/liturgische-stola\/"]}]},{"@type":"ImageObject","inLanguage":"de","@id":"https:\/\/blog.holyart.it\/de\/liturgische-gerate\/liturgische-stola\/#primaryimage","url":"https:\/\/blog.holyart.it\/de\/wp-content\/uploads\/sites\/12\/2016\/10\/Liturgische-Stola.jpg","contentUrl":"https:\/\/blog.holyart.it\/de\/wp-content\/uploads\/sites\/12\/2016\/10\/Liturgische-Stola.jpg","width":1000,"height":666,"caption":"Liturgische Stola"},{"@type":"BreadcrumbList","@id":"https:\/\/blog.holyart.it\/de\/liturgische-gerate\/liturgische-stola\/#breadcrumb","itemListElement":[{"@type":"ListItem","position":1,"name":"Homepage","item":"https:\/\/blog.holyart.it\/de\/"},{"@type":"ListItem","position":2,"name":"Liturgie","item":"https:\/\/blog.holyart.it\/de\/liturgische-gerate\/"},{"@type":"ListItem","position":3,"name":"Liturgische Stola"}]},{"@type":"WebSite","@id":"https:\/\/blog.holyart.it\/de\/#website","url":"https:\/\/blog.holyart.it\/de\/","name":"Holyart.de Blog","description":"Holyblog","publisher":{"@id":"https:\/\/blog.holyart.it\/de\/#organization"},"potentialAction":[{"@type":"SearchAction","target":{"@type":"EntryPoint","urlTemplate":"https:\/\/blog.holyart.it\/de\/?s={search_term_string}"},"query-input":{"@type":"PropertyValueSpecification","valueRequired":true,"valueName":"search_term_string"}}],"inLanguage":"de"},{"@type":"Organization","@id":"https:\/\/blog.holyart.it\/de\/#organization","name":"Holyart.de Blog","url":"https:\/\/blog.holyart.it\/de\/","logo":{"@type":"ImageObject","inLanguage":"de","@id":"https:\/\/blog.holyart.it\/de\/#\/schema\/logo\/image\/","url":"https:\/\/blog.holyart.it\/de\/wp-content\/uploads\/sites\/12\/2022\/12\/Holyart_Blog_Logo.jpg","contentUrl":"https:\/\/blog.holyart.it\/de\/wp-content\/uploads\/sites\/12\/2022\/12\/Holyart_Blog_Logo.jpg","width":300,"height":50,"caption":"Holyart.de Blog"},"image":{"@id":"https:\/\/blog.holyart.it\/de\/#\/schema\/logo\/image\/"}},{"@type":"Person","@id":"https:\/\/blog.holyart.it\/de\/#\/schema\/person\/0a7b686e5af0f856ec1e390dd0baecda","name":"Redazione","image":{"@type":"ImageObject","inLanguage":"de","@id":"https:\/\/blog.holyart.it\/de\/#\/schema\/person\/image\/","url":"https:\/\/secure.gravatar.com\/avatar\/f477da817f43e50d0af36abecd33e3edf826c68299714bdc1057dff3b113f516?s=96&d=mm&r=g","contentUrl":"https:\/\/secure.gravatar.com\/avatar\/f477da817f43e50d0af36abecd33e3edf826c68299714bdc1057dff3b113f516?s=96&d=mm&r=g","caption":"Redazione"}}]}},"_links":{"self":[{"href":"https:\/\/blog.holyart.it\/de\/wp-json\/wp\/v2\/posts\/132","targetHints":{"allow":["GET"]}}],"collection":[{"href":"https:\/\/blog.holyart.it\/de\/wp-json\/wp\/v2\/posts"}],"about":[{"href":"https:\/\/blog.holyart.it\/de\/wp-json\/wp\/v2\/types\/post"}],"author":[{"embeddable":true,"href":"https:\/\/blog.holyart.it\/de\/wp-json\/wp\/v2\/users\/1"}],"replies":[{"embeddable":true,"href":"https:\/\/blog.holyart.it\/de\/wp-json\/wp\/v2\/comments?post=132"}],"version-history":[{"count":0,"href":"https:\/\/blog.holyart.it\/de\/wp-json\/wp\/v2\/posts\/132\/revisions"}],"wp:featuredmedia":[{"embeddable":true,"href":"https:\/\/blog.holyart.it\/de\/wp-json\/wp\/v2\/media\/133"}],"wp:attachment":[{"href":"https:\/\/blog.holyart.it\/de\/wp-json\/wp\/v2\/media?parent=132"}],"wp:term":[{"taxonomy":"category","embeddable":true,"href":"https:\/\/blog.holyart.it\/de\/wp-json\/wp\/v2\/categories?post=132"},{"taxonomy":"post_tag","embeddable":true,"href":"https:\/\/blog.holyart.it\/de\/wp-json\/wp\/v2\/tags?post=132"}],"curies":[{"name":"wp","href":"https:\/\/api.w.org\/{rel}","templated":true}]}}