{"id":1289,"date":"2021-07-02T12:41:02","date_gmt":"2021-07-02T10:41:02","guid":{"rendered":"https:\/\/blog.holyart.it\/de\/?p=1289"},"modified":"2021-07-02T14:24:00","modified_gmt":"2021-07-02T12:24:00","slug":"die-zeit-des-advents","status":"publish","type":"post","link":"https:\/\/blog.holyart.it\/de\/weihnachten\/die-zeit-des-advents\/","title":{"rendered":"Die Zeit des Advents"},"content":{"rendered":"<h4 style=\"text-align: center;\"><em>Der Advent ist f\u00fcr Katholiken auf der ganzen Welt eine der wichtigsten Zeiten des Jahres. Es ist die Zeit, in der wir uns auf das Kommen Christi vorbereiten, auf die Erneuerung seiner wundersamen Geburt, die an Weihnachten gefeiert wird, aber nicht nur.<\/em><\/h4>\n<p><br \/>\n<a href=\"https:\/\/www.holyart.de\/weihnachten\/advent\"><strong>Der Advent<\/strong><\/a> ist auch die liturgische Zeit, in der die Gl\u00e4ubigen ihre Hoffnung bekr\u00e4ftigen, ihre Erwartung des zweiten Kommens Jesus, der das Ende der Welt, wie wir sie kennen, das Ende der Zeit, dekretieren wird.<br \/>\nDas Wort Advent kommt tats\u00e4chlich vom lateinischen adventus, &#8222;kommen&#8220;, aber auch &#8222;warten&#8220;. Es leitet sich indirekt vom griechischen parous\u00eda oder epiph\u00e1neia ab, Begriffe, mit denen in der Sprache der antiken Kulte das Herabsteigen der Gottheit in den Tempel, um ihren Verehrern zu begegnen, ihre Manifestation auf der Existenzebene der Menschen bezeichnet werden sollte.<\/p>\n<p>Indem wir also den Advent feiern, bereiten wir uns einerseits auf Weihnachten vor, auf die Feierlichkeit des ersten Kommens Jesus, der Mensch wurde, unter die Sterblichen herabstieg und in einer Krippe aus dem Scho\u00df eines einfachen M\u00e4dchens geboren wurde, mit einem Zimmermann als seinem vermeintlichen Vater, und gleichzeitig dr\u00fccken wir unsere Hoffnung aus, die freudige Erwartung seines zweiten Kommens, der sogenannten Parusie, wenn er wieder unter die Menschen herabsteigen wird, eingeh\u00fcllt in die Herrlichkeit und Macht des Himmels.<\/p>\n<p>Eine Zeit der Freude und der Hoffnung, nicht der Bu\u00dfe, wie die <a href=\"https:\/\/www.holyart.de\/besondere-anlassen\/ostern-und-fasten\"><strong>Fastenzeit<\/strong><\/a> vor <strong>Ostern<\/strong>, und die dennoch eine t\u00e4gliche geistige Aufmerksamkeit erfordert, ein fortschreitendes Bewusstsein f\u00fcr das bevorstehende Ereignis.<\/p>\n<div class=\"link-product\">\n<div class=\"blocco-immagine\"><img loading=\"lazy\" decoding=\"async\" class=\"alignnone size-full wp-image-1293\" src=\"https:\/\/blog.holyart.it\/de\/wp-content\/uploads\/sites\/12\/2021\/07\/adventskalender-als-haus-weihnachtsgeschichte.jpg\" alt=\"adventskalender als haus weihnachtsgeschichte\" width=\"100\" height=\"100\" data-kale-share-title=\"Die Zeit des Advents\" data-kale-share-url=\"https:\/\/blog.holyart.it\/de\/weihnachten\/die-zeit-des-advents\/\" \/><\/div>\n<div class=\"blocco-contenuto\">\n<div class=\"blocco-acquista\">Einkaufen:<\/div>\n<div class=\"blocco-titolo\"><a href=\"https:\/\/www.holyart.de\/weihnachten\/advent\/adventskalender-als-haus-weihnachtsgeschichte-40x30x10-cm\">Adventskalender als Haus<\/a><\/div>\n<div class=\"blocco-descrizione\">Mit Lichtern beleuchtet<\/div>\n<\/div>\n<\/div>\n<h2>Urspr\u00fcnge der Feier<\/h2>\n<p>Christliche Autoren aus den ersten Jahrhunderten nach Jesus Geburt beschrieben in ihren Texten sein Kommen und wiesen dabei sowohl auf das Geheimnis seiner Menschwerdung im Scho\u00df Marias in sterblichem Fleisch als auch auf die in seiner Menschwerdung verborgene Verhei\u00dfung seines zweiten, endg\u00fcltigen Kommens hin. Im Gegensatz zu den heidnischen G\u00f6ttern beschloss Jesus, die von Menschen errichteten Tempel, ihre steinernen S\u00e4ulen, zu verlassen und selbst Mensch zu werden, sich in einen Tempel aus Fleisch und Blut zu h\u00fcllen, sterblich und anf\u00e4llig f\u00fcr Schmerz, M\u00fchsal und Leid.<br \/>\nDer Advent begann im Westen um das sechste Jahrhundert herum geehrt zu werden, obwohl er, zumindest anfangs, einen Wert hatte, der dem der Fastenzeit n\u00e4her kam: <strong>Die Feier der Geburt Jesu war eigentlich die Feier seiner Auferstehung.<\/strong> Aus diesem Grund waren die Adventswochen nicht nur von Gebet, sondern auch von Fasten und Bu\u00dfe gepr\u00e4gt.<\/p>\n<h2>Adventsfeiern<\/h2>\n<p>Der Advent beginnt vier Wochen vor Weihnachten, etwa zwischen dem 27. November und dem 3. Dezember. Im Ambrosianischen Ritus sind es stattdessen sechs Wochen. <strong>Der Advent beginnt mit der Vesper am ersten Sonntag und endet mit der Christvesper.<\/strong> Sie bietet einen Gebetsweg, der sowohl die Wochentage als auch die Sonntage einbezieht, aber gerade auf letztere konzentriert sich die Andacht der Gl\u00e4ubigen. Jeder der vier Adventssonntage wird mit einem traditionellen Namen bezeichnet, der aus den ersten Worten des Introitus, der Antiphon, die die Messe einleitet, stammt: <strong>Ad te levavi<\/strong> (Erster Sonntag, aus Ad te levavi animam meam &#8222;Zu dir erhebe ich meine Seele&#8220;, Psalm 24); <strong>Populus Sion<\/strong> (Zweiter Sonntag, aus Populus Sion, ecce Dominus veniet ad salvandas gentes &#8222;Volk von Zion, siehe, der Herr wird kommen, die V\u00f6lker zu retten&#8220;, Jesaja 30,19.30); <strong>Gaudete<\/strong> (Dritter Sonntag, aus Gaudete in Domino semper &#8222;Freut euch im Herrn allezeit&#8220;, Philipper 4,4.5); <strong>Rorate<\/strong> (Vierter Sonntag, aus Rorate, coeli desuper, et nubes pluant iustum &#8222;Stillate, Himmel, von oben, und lass die Wolken Gerechtigkeit regnen&#8220;, Jesaja 45,8).<br \/>\nIn den Wochen des Advents tragen die Priester <a href=\"https:\/\/www.holyart.de\/liturgische-gerate\/paramente-altargarnitur-und-pultbehange\"><strong>violette liturgische Gew\u00e4nder<\/strong><\/a>, die in der dritten Woche auch rosa sein k\u00f6nnen, eine Farbe, die die Freude \u00fcber die bevorstehende Ankunft Christi symbolisiert.<\/p>\n<p>Die Liturgie der ersten drei Sonntage bis zum 16. Dezember konzentriert sich auf die Erwartung der Parusie, der Wiederkunft Christi, und beinhaltet die Lesung von Ausz\u00fcgen aus dem Matth\u00e4us-Evangelium (Matth\u00e4us 24,37-44: &#8222;So wacht nun, denn ihr wisst nicht, an welchem Tag euer Herr kommen wird&#8220;; Matth\u00e4us 3,1-12: &#8222;Tut Bu\u00dfe, denn das Himmelreich ist nahe herbeigekommen!&#8220;; Matth\u00e4us 11:2-11: &#8222;Bist du derjenige, der kommen soll, oder sollen wir auf einen anderen warten?\u201d). Stattdessen lesen wir am letzten Adventssonntag dar\u00fcber, wie Jesus in Marias Scho\u00df inkarniert und unter den Menschen geboren wird (Matth\u00e4us 1,18-24) und konzentrieren uns damit auf die Geburt Jesus an Weihnachten.<br \/>\nDie ersten drei Wochen konzentrieren sich also auf das zweite Kommen Jesus, w\u00e4hrend wir uns Weihnachten n\u00e4hern, wird der Fokus auf seine wundersame Empf\u00e4ngnis und seine Geburt in Bethlehem zur\u00fcckgebracht.<\/p>\n<p>Die Adventsfeiern beinhalten die Intonation von Hymnen, die f\u00fcr die verschiedenen Perioden unterschiedlich sind, und sieben Antiphonen, die Hauptantiphonen oder auch Antiphonen O genannt werden, weil sie alle mit dem Vokativ &#8218;O&#8216; beginnen: O Sapientia, O Adonai, und so weiter&#8230; Das sind sieben lateinische Antiphonen, die typisch f\u00fcr das Stundengebet sind. Sie werden in der Vesper vor dem Magnificat gesungen, und zwar an den gro\u00dfen Feiertagen im Advent, vom 17. bis 23. Dezember.<\/p>\n<p>Das Gloria wird erst wieder in der Mitternachtsmesse an Weihnachten rezitiert, wo es zum wahren Symbol des Triumphes der Geburt Jesu wird.<\/p>\n<h2>Maria und der Advent<\/h2>\n<p>Die Evangelienabschnitte, die an den ersten drei Adventssonntagen gelesen werden, beziehen sich jeweils auf das Kommen des Herrn am Ende der Zeit und auf Johannes den T\u00e4ufer, w\u00e4hrend sich der des letzten Sonntags auf die Ereignisse und Personen bezieht, die zur Geburt Jesus f\u00fchren werden, allen voran Maria. Es ist kein Zufall, dass der vierte Adventssonntag traditionell auch als der Sonntag gilt, an dem Elisabeth, die bereits mit Johannes dem T\u00e4ufer schwanger war, die heilige Elisabeth besuchte, um ihr die frohe Botschaft von der bevorstehenden Geburt Jesu zu \u00fcberbringen. <strong>Maria kann als das Symbol des Advents schlechthin angesehen werden,<\/strong> der Menschheit, die nach so vielen Irrwegen bereit ist, Gott und seine Verhei\u00dfung wieder aufzunehmen und seinen Willen mit vollem Glauben und voller Hoffnung zu akzeptieren.<\/p>\n<div class=\"link-product\">\n<div class=\"blocco-immagine\"><img loading=\"lazy\" decoding=\"async\" class=\"alignnone size-full wp-image-1294\" src=\"https:\/\/blog.holyart.it\/de\/wp-content\/uploads\/sites\/12\/2021\/07\/jungfrau-des-advents-stein.jpg\" alt=\"jungfrau des advents stein\" width=\"100\" height=\"100\" data-kale-share-title=\"Die Zeit des Advents\" data-kale-share-url=\"https:\/\/blog.holyart.it\/de\/weihnachten\/die-zeit-des-advents\/\" \/><\/div>\n<div class=\"blocco-contenuto\">\n<div class=\"blocco-acquista\">Einkaufen:<\/div>\n<div class=\"blocco-titolo\"><a href=\"https:\/\/www.holyart.de\/devotionalien\/statuen\/statuen-aus-stein\/jungfrau-des-advents-stein-57-cm\">Jungfrau des Advents<\/a><\/div>\n<div class=\"blocco-descrizione\">Statue aus Stein<\/div>\n<\/div>\n<\/div>\n<p>Maria ist zugleich das Werkzeug des g\u00f6ttlichen Willens und die Sprecherin der Menschheit, denn sie hat aus freier Entscheidung, ohne Zwang, ihr Schicksal angenommen und sich in den Dienst des gro\u00dfen und wunderbaren Plans Gottes gestellt. Ihr Vorbild an Demut und Freude \u00fcberspannt die Jahrhunderte und w\u00e4rmt Jahr f\u00fcr Jahr die Erwartung aller Erwartungen, das gr\u00f6\u00dfte aller Geheimnisse: wie ein junges M\u00e4dchen in vollem Bewusstsein ein Kind erwartete, das auch f\u00fcr sie und f\u00fcr die ganze Menschheit die Erl\u00f6sung sein w\u00fcrde. Maria, Gottes Werkzeug und liebende Mutter, h\u00e4lt die Flamme des Bundes am Leben und wartet auf das neue Kommen Jesus und seinen Triumph unter den w\u00fcrdigen Menschen.<\/p>\n<h2>Adventskranz<\/h2>\n<p>Die Abfolge der Adventssonntage wird in vielen Kirchen und in vielen H\u00e4usern auch mit <strong>dem Anz\u00fcnden der Kerzen des Adventskranzes gefeiert,<\/strong> einem Kreis aus immergr\u00fcnen Zweigen, in den vier Kerzen gestellt werden, die eine nach der anderen angez\u00fcndet werden, um den Sieg des Lichts \u00fcber die Dunkelheit und die mit dem Kommen des Messias verbundene Hoffnung zu feiern.<\/p>\n<div class=\"link-product\">\n<div class=\"blocco-immagine\"><img loading=\"lazy\" decoding=\"async\" class=\"alignnone size-full wp-image-1295\" src=\"https:\/\/blog.holyart.it\/de\/wp-content\/uploads\/sites\/12\/2021\/07\/adventskranz-komplettset.jpg\" alt=\"adventskranz komplettset\" width=\"100\" height=\"100\" data-kale-share-title=\"Die Zeit des Advents\" data-kale-share-url=\"https:\/\/blog.holyart.it\/de\/weihnachten\/die-zeit-des-advents\/\" \/><\/div>\n<div class=\"blocco-contenuto\">\n<div class=\"blocco-acquista\">Einkaufen:<\/div>\n<div class=\"blocco-titolo\"><a href=\"https:\/\/www.holyart.de\/weihnachten\/advent?sorter_id=0&amp;89%5B%5D=2460&amp;p_min=&amp;p_max=\">Adventskranz-Komplettset<\/a><\/div>\n<div class=\"blocco-descrizione\">Adventskranzkerzenstecker<\/div>\n<\/div>\n<\/div>\n<p>Jede der Kerzen repr\u00e4sentiert in der Tat jeweils: <strong>Hoffnung, Frieden, Freude und Liebe.<\/strong> Die runde Form der Krone selbst erinnert an die Ewigkeit, an die Einheit des Ganzen, w\u00e4hrend die Immergr\u00fcnen die Hoffnung symbolisieren. Dies ist eine Tradition germanischen Ursprungs, die bis ins fr\u00fche neunzehnte Jahrhundert zur\u00fcckreicht. In den ersten Adventskr\u00e4nzen gab es f\u00fcr jeden Tag des Advents eine Kerze, w\u00e4hrend es heute meist vier, h\u00f6chstens f\u00fcnf sind, wenn man auch die Kerze mitz\u00e4hlt, die an Weihnachten angez\u00fcndet werden muss.<br \/>\nJede Kerze hat ihre eigene symbolische Bedeutung: die erste, &#8218;des Propheten&#8216; genannt, bezieht sich auf die Prophezeiungen \u00fcber die Geburt Jesus; die zweite, &#8218;von Bethlehem&#8216; genannt, erinnert an die Stadt, in der er geboren wurde; die dritte, &#8218;der Hirten&#8216; genannt, erinnert an diejenigen, die Jesus zuerst anbeteten; die vierte, &#8218;der Engel&#8216; genannt, feiert die Boten, die die Nachricht von der wunderbaren Geburt in die Welt brachten.<\/p>\n<h2>Advent f\u00fcr Kinder<\/h2>\n<p>Der Advent ist auch f\u00fcr Kinder eine wichtige Zeit und sollte eine gute Gelegenheit sein, die tiefere und spirituellere Bedeutung von Weihnachten zu verstehen. Allzu oft wird dieses kostbare und heilige Fest in der modernen Welt seines wahren Wertes beraubt, zugunsten einer eher heidnischen und konsumorientierten Dimension. Die Kinder sollen verstehen, dass man nicht nur auf die Weihnachtsgeschenke wartet, sondern vor allem auf die Geburt des Jesuskindes, das f\u00fcr uns alle auf die Erde gekommen ist. Sonntag f\u00fcr Sonntag k\u00f6nnen Sie die Adventsreise lustig und spannend gestalten, indem Sie mit Zeichnungen und Skizzen die verschiedenen Episoden des Evangeliums und die darin enthaltene Botschaft darstellen.<\/p>\n<div class=\"link-product\">\n<div class=\"blocco-immagine\"><img loading=\"lazy\" decoding=\"async\" class=\"alignnone size-full wp-image-1296\" src=\"https:\/\/blog.holyart.it\/de\/wp-content\/uploads\/sites\/12\/2021\/07\/adventskalender-hutten-motiv.jpg\" alt=\"adventskalender hutten motiv\" width=\"100\" height=\"100\" data-kale-share-title=\"Die Zeit des Advents\" data-kale-share-url=\"https:\/\/blog.holyart.it\/de\/weihnachten\/die-zeit-des-advents\/\" \/><\/div>\n<div class=\"blocco-contenuto\">\n<div class=\"blocco-acquista\">Einkaufen:<\/div>\n<div class=\"blocco-titolo\"><a href=\"https:\/\/www.holyart.de\/devotionalien\/christliche-bucher\/kalender-und-andere-bucher?32%5B%5D=866&amp;p_min=&amp;p_max=\">Adventskalender<\/a><\/div>\n<div class=\"blocco-descrizione\">Kalender und andere B\u00fccher<\/div>\n<\/div>\n<\/div>\n<p>Nat\u00fcrlich ist es sch\u00f6n, den Kleinen einen Adventskalender zu schenken, mit kleinen Geschenken und Pralinen, die es jeden Tag zu entdecken gibt, aber Sie sollten f\u00fcr sie da sein, w\u00e4hrend sie die besonderen Momente kennenlernen, die zu einem so wichtigen Ereignis f\u00fchren. Einen <strong>Adventskranz<\/strong> mit nach Hause zu bringen und die Kinder jeden Sonntag die Kerze anz\u00fcnden zu lassen, k\u00f6nnte eine weitere M\u00f6glichkeit sein, sie mit einzubeziehen und ihnen das gro\u00dfe Fest bewusst zu machen, das vorbereitet wird, und was es f\u00fcr alle Menschen bedeutet.<\/p>\n","protected":false},"excerpt":{"rendered":"<p>Der Advent ist f\u00fcr Katholiken auf der ganzen Welt eine der wichtigsten Zeiten des Jahres. Es ist die Zeit, in der wir uns auf das Kommen Christi vorbereiten, auf die Erneuerung seiner wundersamen Geburt, die an Weihnachten gefeiert wird, aber nicht nur. Der Advent ist&hellip;<\/p>\n","protected":false},"author":1,"featured_media":1290,"comment_status":"closed","ping_status":"open","sticky":false,"template":"","format":"standard","meta":{"_acf_changed":false,"footnotes":""},"categories":[12],"tags":[],"class_list":["post-1289","post","type-post","status-publish","format-standard","has-post-thumbnail","hentry","category-weihnachten"],"acf":[],"yoast_head":"<!-- This site is optimized with the Yoast SEO plugin v26.6 - https:\/\/yoast.com\/wordpress\/plugins\/seo\/ -->\n<title>Die Zeit des Advents - Holyart.de Blog<\/title>\n<meta name=\"description\" content=\"Der Advent ist f\u00fcr Katholiken auf der ganzen Welt eine der wichtigsten Zeiten des Jahres. Es ist die Zeit, wir uns auf das Kommen Christi vorbereiten.\" \/>\n<meta name=\"robots\" content=\"index, follow, max-snippet:-1, max-image-preview:large, max-video-preview:-1\" \/>\n<link rel=\"canonical\" href=\"https:\/\/blog.holyart.it\/de\/weihnachten\/die-zeit-des-advents\/\" \/>\n<meta property=\"og:locale\" content=\"de_DE\" \/>\n<meta property=\"og:type\" content=\"article\" \/>\n<meta property=\"og:title\" content=\"Die Zeit des Advents - Holyart.de Blog\" \/>\n<meta property=\"og:description\" content=\"Der Advent ist f\u00fcr Katholiken auf der ganzen Welt eine der wichtigsten Zeiten des Jahres. Es ist die Zeit, wir uns auf das Kommen Christi vorbereiten.\" \/>\n<meta property=\"og:url\" content=\"https:\/\/blog.holyart.it\/de\/weihnachten\/die-zeit-des-advents\/\" \/>\n<meta property=\"og:site_name\" content=\"Holyart.de Blog\" \/>\n<meta property=\"article:published_time\" content=\"2021-07-02T10:41:02+00:00\" \/>\n<meta property=\"article:modified_time\" content=\"2021-07-02T12:24:00+00:00\" \/>\n<meta property=\"og:image\" content=\"https:\/\/blog.holyart.it\/de\/wp-content\/uploads\/sites\/12\/2021\/07\/Adventskranz.jpg\" \/>\n\t<meta property=\"og:image:width\" content=\"1000\" \/>\n\t<meta property=\"og:image:height\" content=\"666\" \/>\n\t<meta property=\"og:image:type\" content=\"image\/jpeg\" \/>\n<meta name=\"author\" content=\"Redazione\" \/>\n<meta name=\"twitter:card\" content=\"summary_large_image\" \/>\n<meta name=\"twitter:label1\" content=\"Verfasst von\" \/>\n\t<meta name=\"twitter:data1\" content=\"Redazione\" \/>\n\t<meta name=\"twitter:label2\" content=\"Gesch\u00e4tzte Lesezeit\" \/>\n\t<meta name=\"twitter:data2\" content=\"8\u00a0Minuten\" \/>\n<script type=\"application\/ld+json\" class=\"yoast-schema-graph\">{\"@context\":\"https:\/\/schema.org\",\"@graph\":[{\"@type\":\"Article\",\"@id\":\"https:\/\/blog.holyart.it\/de\/weihnachten\/die-zeit-des-advents\/#article\",\"isPartOf\":{\"@id\":\"https:\/\/blog.holyart.it\/de\/weihnachten\/die-zeit-des-advents\/\"},\"author\":{\"name\":\"Redazione\",\"@id\":\"https:\/\/blog.holyart.it\/de\/#\/schema\/person\/0a7b686e5af0f856ec1e390dd0baecda\"},\"headline\":\"Die Zeit des Advents\",\"datePublished\":\"2021-07-02T10:41:02+00:00\",\"dateModified\":\"2021-07-02T12:24:00+00:00\",\"mainEntityOfPage\":{\"@id\":\"https:\/\/blog.holyart.it\/de\/weihnachten\/die-zeit-des-advents\/\"},\"wordCount\":1552,\"publisher\":{\"@id\":\"https:\/\/blog.holyart.it\/de\/#organization\"},\"image\":{\"@id\":\"https:\/\/blog.holyart.it\/de\/weihnachten\/die-zeit-des-advents\/#primaryimage\"},\"thumbnailUrl\":\"https:\/\/blog.holyart.it\/de\/wp-content\/uploads\/sites\/12\/2021\/07\/Adventskranz.jpg\",\"articleSection\":[\"Weihnachten\"],\"inLanguage\":\"de\"},{\"@type\":\"WebPage\",\"@id\":\"https:\/\/blog.holyart.it\/de\/weihnachten\/die-zeit-des-advents\/\",\"url\":\"https:\/\/blog.holyart.it\/de\/weihnachten\/die-zeit-des-advents\/\",\"name\":\"Die Zeit des Advents - Holyart.de Blog\",\"isPartOf\":{\"@id\":\"https:\/\/blog.holyart.it\/de\/#website\"},\"primaryImageOfPage\":{\"@id\":\"https:\/\/blog.holyart.it\/de\/weihnachten\/die-zeit-des-advents\/#primaryimage\"},\"image\":{\"@id\":\"https:\/\/blog.holyart.it\/de\/weihnachten\/die-zeit-des-advents\/#primaryimage\"},\"thumbnailUrl\":\"https:\/\/blog.holyart.it\/de\/wp-content\/uploads\/sites\/12\/2021\/07\/Adventskranz.jpg\",\"datePublished\":\"2021-07-02T10:41:02+00:00\",\"dateModified\":\"2021-07-02T12:24:00+00:00\",\"description\":\"Der Advent ist f\u00fcr Katholiken auf der ganzen Welt eine der wichtigsten Zeiten des Jahres. Es ist die Zeit, wir uns auf das Kommen Christi vorbereiten.\",\"breadcrumb\":{\"@id\":\"https:\/\/blog.holyart.it\/de\/weihnachten\/die-zeit-des-advents\/#breadcrumb\"},\"inLanguage\":\"de\",\"potentialAction\":[{\"@type\":\"ReadAction\",\"target\":[\"https:\/\/blog.holyart.it\/de\/weihnachten\/die-zeit-des-advents\/\"]}]},{\"@type\":\"ImageObject\",\"inLanguage\":\"de\",\"@id\":\"https:\/\/blog.holyart.it\/de\/weihnachten\/die-zeit-des-advents\/#primaryimage\",\"url\":\"https:\/\/blog.holyart.it\/de\/wp-content\/uploads\/sites\/12\/2021\/07\/Adventskranz.jpg\",\"contentUrl\":\"https:\/\/blog.holyart.it\/de\/wp-content\/uploads\/sites\/12\/2021\/07\/Adventskranz.jpg\",\"width\":1000,\"height\":666,\"caption\":\"Adventskranz\"},{\"@type\":\"BreadcrumbList\",\"@id\":\"https:\/\/blog.holyart.it\/de\/weihnachten\/die-zeit-des-advents\/#breadcrumb\",\"itemListElement\":[{\"@type\":\"ListItem\",\"position\":1,\"name\":\"Homepage\",\"item\":\"https:\/\/blog.holyart.it\/de\/\"},{\"@type\":\"ListItem\",\"position\":2,\"name\":\"Weihnachten\",\"item\":\"https:\/\/blog.holyart.it\/de\/weihnachten\/\"},{\"@type\":\"ListItem\",\"position\":3,\"name\":\"Die Zeit des Advents\"}]},{\"@type\":\"WebSite\",\"@id\":\"https:\/\/blog.holyart.it\/de\/#website\",\"url\":\"https:\/\/blog.holyart.it\/de\/\",\"name\":\"Holyart.de Blog\",\"description\":\"Holyblog\",\"publisher\":{\"@id\":\"https:\/\/blog.holyart.it\/de\/#organization\"},\"potentialAction\":[{\"@type\":\"SearchAction\",\"target\":{\"@type\":\"EntryPoint\",\"urlTemplate\":\"https:\/\/blog.holyart.it\/de\/?s={search_term_string}\"},\"query-input\":{\"@type\":\"PropertyValueSpecification\",\"valueRequired\":true,\"valueName\":\"search_term_string\"}}],\"inLanguage\":\"de\"},{\"@type\":\"Organization\",\"@id\":\"https:\/\/blog.holyart.it\/de\/#organization\",\"name\":\"Holyart.de Blog\",\"url\":\"https:\/\/blog.holyart.it\/de\/\",\"logo\":{\"@type\":\"ImageObject\",\"inLanguage\":\"de\",\"@id\":\"https:\/\/blog.holyart.it\/de\/#\/schema\/logo\/image\/\",\"url\":\"https:\/\/blog.holyart.it\/de\/wp-content\/uploads\/sites\/12\/2022\/12\/Holyart_Blog_Logo.jpg\",\"contentUrl\":\"https:\/\/blog.holyart.it\/de\/wp-content\/uploads\/sites\/12\/2022\/12\/Holyart_Blog_Logo.jpg\",\"width\":300,\"height\":50,\"caption\":\"Holyart.de Blog\"},\"image\":{\"@id\":\"https:\/\/blog.holyart.it\/de\/#\/schema\/logo\/image\/\"}},{\"@type\":\"Person\",\"@id\":\"https:\/\/blog.holyart.it\/de\/#\/schema\/person\/0a7b686e5af0f856ec1e390dd0baecda\",\"name\":\"Redazione\",\"image\":{\"@type\":\"ImageObject\",\"inLanguage\":\"de\",\"@id\":\"https:\/\/blog.holyart.it\/de\/#\/schema\/person\/image\/\",\"url\":\"https:\/\/secure.gravatar.com\/avatar\/f477da817f43e50d0af36abecd33e3edf826c68299714bdc1057dff3b113f516?s=96&d=mm&r=g\",\"contentUrl\":\"https:\/\/secure.gravatar.com\/avatar\/f477da817f43e50d0af36abecd33e3edf826c68299714bdc1057dff3b113f516?s=96&d=mm&r=g\",\"caption\":\"Redazione\"}}]}<\/script>\n<!-- \/ Yoast SEO plugin. -->","yoast_head_json":{"title":"Die Zeit des Advents - Holyart.de Blog","description":"Der Advent ist f\u00fcr Katholiken auf der ganzen Welt eine der wichtigsten Zeiten des Jahres. Es ist die Zeit, wir uns auf das Kommen Christi vorbereiten.","robots":{"index":"index","follow":"follow","max-snippet":"max-snippet:-1","max-image-preview":"max-image-preview:large","max-video-preview":"max-video-preview:-1"},"canonical":"https:\/\/blog.holyart.it\/de\/weihnachten\/die-zeit-des-advents\/","og_locale":"de_DE","og_type":"article","og_title":"Die Zeit des Advents - Holyart.de Blog","og_description":"Der Advent ist f\u00fcr Katholiken auf der ganzen Welt eine der wichtigsten Zeiten des Jahres. Es ist die Zeit, wir uns auf das Kommen Christi vorbereiten.","og_url":"https:\/\/blog.holyart.it\/de\/weihnachten\/die-zeit-des-advents\/","og_site_name":"Holyart.de Blog","article_published_time":"2021-07-02T10:41:02+00:00","article_modified_time":"2021-07-02T12:24:00+00:00","og_image":[{"width":1000,"height":666,"url":"https:\/\/blog.holyart.it\/de\/wp-content\/uploads\/sites\/12\/2021\/07\/Adventskranz.jpg","type":"image\/jpeg"}],"author":"Redazione","twitter_card":"summary_large_image","twitter_misc":{"Verfasst von":"Redazione","Gesch\u00e4tzte Lesezeit":"8\u00a0Minuten"},"schema":{"@context":"https:\/\/schema.org","@graph":[{"@type":"Article","@id":"https:\/\/blog.holyart.it\/de\/weihnachten\/die-zeit-des-advents\/#article","isPartOf":{"@id":"https:\/\/blog.holyart.it\/de\/weihnachten\/die-zeit-des-advents\/"},"author":{"name":"Redazione","@id":"https:\/\/blog.holyart.it\/de\/#\/schema\/person\/0a7b686e5af0f856ec1e390dd0baecda"},"headline":"Die Zeit des Advents","datePublished":"2021-07-02T10:41:02+00:00","dateModified":"2021-07-02T12:24:00+00:00","mainEntityOfPage":{"@id":"https:\/\/blog.holyart.it\/de\/weihnachten\/die-zeit-des-advents\/"},"wordCount":1552,"publisher":{"@id":"https:\/\/blog.holyart.it\/de\/#organization"},"image":{"@id":"https:\/\/blog.holyart.it\/de\/weihnachten\/die-zeit-des-advents\/#primaryimage"},"thumbnailUrl":"https:\/\/blog.holyart.it\/de\/wp-content\/uploads\/sites\/12\/2021\/07\/Adventskranz.jpg","articleSection":["Weihnachten"],"inLanguage":"de"},{"@type":"WebPage","@id":"https:\/\/blog.holyart.it\/de\/weihnachten\/die-zeit-des-advents\/","url":"https:\/\/blog.holyart.it\/de\/weihnachten\/die-zeit-des-advents\/","name":"Die Zeit des Advents - Holyart.de Blog","isPartOf":{"@id":"https:\/\/blog.holyart.it\/de\/#website"},"primaryImageOfPage":{"@id":"https:\/\/blog.holyart.it\/de\/weihnachten\/die-zeit-des-advents\/#primaryimage"},"image":{"@id":"https:\/\/blog.holyart.it\/de\/weihnachten\/die-zeit-des-advents\/#primaryimage"},"thumbnailUrl":"https:\/\/blog.holyart.it\/de\/wp-content\/uploads\/sites\/12\/2021\/07\/Adventskranz.jpg","datePublished":"2021-07-02T10:41:02+00:00","dateModified":"2021-07-02T12:24:00+00:00","description":"Der Advent ist f\u00fcr Katholiken auf der ganzen Welt eine der wichtigsten Zeiten des Jahres. Es ist die Zeit, wir uns auf das Kommen Christi vorbereiten.","breadcrumb":{"@id":"https:\/\/blog.holyart.it\/de\/weihnachten\/die-zeit-des-advents\/#breadcrumb"},"inLanguage":"de","potentialAction":[{"@type":"ReadAction","target":["https:\/\/blog.holyart.it\/de\/weihnachten\/die-zeit-des-advents\/"]}]},{"@type":"ImageObject","inLanguage":"de","@id":"https:\/\/blog.holyart.it\/de\/weihnachten\/die-zeit-des-advents\/#primaryimage","url":"https:\/\/blog.holyart.it\/de\/wp-content\/uploads\/sites\/12\/2021\/07\/Adventskranz.jpg","contentUrl":"https:\/\/blog.holyart.it\/de\/wp-content\/uploads\/sites\/12\/2021\/07\/Adventskranz.jpg","width":1000,"height":666,"caption":"Adventskranz"},{"@type":"BreadcrumbList","@id":"https:\/\/blog.holyart.it\/de\/weihnachten\/die-zeit-des-advents\/#breadcrumb","itemListElement":[{"@type":"ListItem","position":1,"name":"Homepage","item":"https:\/\/blog.holyart.it\/de\/"},{"@type":"ListItem","position":2,"name":"Weihnachten","item":"https:\/\/blog.holyart.it\/de\/weihnachten\/"},{"@type":"ListItem","position":3,"name":"Die Zeit des Advents"}]},{"@type":"WebSite","@id":"https:\/\/blog.holyart.it\/de\/#website","url":"https:\/\/blog.holyart.it\/de\/","name":"Holyart.de Blog","description":"Holyblog","publisher":{"@id":"https:\/\/blog.holyart.it\/de\/#organization"},"potentialAction":[{"@type":"SearchAction","target":{"@type":"EntryPoint","urlTemplate":"https:\/\/blog.holyart.it\/de\/?s={search_term_string}"},"query-input":{"@type":"PropertyValueSpecification","valueRequired":true,"valueName":"search_term_string"}}],"inLanguage":"de"},{"@type":"Organization","@id":"https:\/\/blog.holyart.it\/de\/#organization","name":"Holyart.de Blog","url":"https:\/\/blog.holyart.it\/de\/","logo":{"@type":"ImageObject","inLanguage":"de","@id":"https:\/\/blog.holyart.it\/de\/#\/schema\/logo\/image\/","url":"https:\/\/blog.holyart.it\/de\/wp-content\/uploads\/sites\/12\/2022\/12\/Holyart_Blog_Logo.jpg","contentUrl":"https:\/\/blog.holyart.it\/de\/wp-content\/uploads\/sites\/12\/2022\/12\/Holyart_Blog_Logo.jpg","width":300,"height":50,"caption":"Holyart.de Blog"},"image":{"@id":"https:\/\/blog.holyart.it\/de\/#\/schema\/logo\/image\/"}},{"@type":"Person","@id":"https:\/\/blog.holyart.it\/de\/#\/schema\/person\/0a7b686e5af0f856ec1e390dd0baecda","name":"Redazione","image":{"@type":"ImageObject","inLanguage":"de","@id":"https:\/\/blog.holyart.it\/de\/#\/schema\/person\/image\/","url":"https:\/\/secure.gravatar.com\/avatar\/f477da817f43e50d0af36abecd33e3edf826c68299714bdc1057dff3b113f516?s=96&d=mm&r=g","contentUrl":"https:\/\/secure.gravatar.com\/avatar\/f477da817f43e50d0af36abecd33e3edf826c68299714bdc1057dff3b113f516?s=96&d=mm&r=g","caption":"Redazione"}}]}},"_links":{"self":[{"href":"https:\/\/blog.holyart.it\/de\/wp-json\/wp\/v2\/posts\/1289","targetHints":{"allow":["GET"]}}],"collection":[{"href":"https:\/\/blog.holyart.it\/de\/wp-json\/wp\/v2\/posts"}],"about":[{"href":"https:\/\/blog.holyart.it\/de\/wp-json\/wp\/v2\/types\/post"}],"author":[{"embeddable":true,"href":"https:\/\/blog.holyart.it\/de\/wp-json\/wp\/v2\/users\/1"}],"replies":[{"embeddable":true,"href":"https:\/\/blog.holyart.it\/de\/wp-json\/wp\/v2\/comments?post=1289"}],"version-history":[{"count":0,"href":"https:\/\/blog.holyart.it\/de\/wp-json\/wp\/v2\/posts\/1289\/revisions"}],"wp:featuredmedia":[{"embeddable":true,"href":"https:\/\/blog.holyart.it\/de\/wp-json\/wp\/v2\/media\/1290"}],"wp:attachment":[{"href":"https:\/\/blog.holyart.it\/de\/wp-json\/wp\/v2\/media?parent=1289"}],"wp:term":[{"taxonomy":"category","embeddable":true,"href":"https:\/\/blog.holyart.it\/de\/wp-json\/wp\/v2\/categories?post=1289"},{"taxonomy":"post_tag","embeddable":true,"href":"https:\/\/blog.holyart.it\/de\/wp-json\/wp\/v2\/tags?post=1289"}],"curies":[{"name":"wp","href":"https:\/\/api.w.org\/{rel}","templated":true}]}}