{"id":1149,"date":"2021-05-11T12:58:48","date_gmt":"2021-05-11T10:58:48","guid":{"rendered":"https:\/\/blog.holyart.it\/de\/?p=1149"},"modified":"2021-05-17T17:06:03","modified_gmt":"2021-05-17T15:06:03","slug":"der-priesterliche-kelch-eine-kurze-anleitung-fuer-eine-bewusste-entscheidung","status":"publish","type":"post","link":"https:\/\/blog.holyart.it\/de\/liturgische-gerate\/der-priesterliche-kelch-eine-kurze-anleitung-fuer-eine-bewusste-entscheidung\/","title":{"rendered":"Der priesterliche Kelch: eine kurze Anleitung f\u00fcr eine bewusste Entscheidung"},"content":{"rendered":"<h4 style=\"text-align: center;\"><em>Der priesterliche Kelch, das Gef\u00e4\u00df, das das Blut Christi w\u00e4hrend der Messe aufnimmt. Symbol der Gemeinschaft zwischen Gott und den Menschen, des in Jesus inkarnierten Heils. Der Kelch ist das heilige Gef\u00e4\u00df, das den Wein enth\u00e4lt, der w\u00e4hrend der Eucharistiefeier zum Blut Christi wird.<\/em><\/h4>\n\n<p>Es symbolisiert den <strong>Kelch<\/strong>, den Jesus beim letzten Abendmahl benutzte, also ein ganz normales Glas.<\/p>\n<p>Das lateinische Wort calix bedeutet Glas, Becher, Kelch &#8211; ein Gegenstand, der in jedem Haushalt gebr\u00e4uchlich ist. Und gerade die Privath\u00e4user waren die ersten gottesdienstlichen Orte der Christen, so dass es nat\u00fcrlich ist, dass sie ein normales Glas benutzten, um den Wein der Liturgie zu konsekrieren. Der Kelch ist also das Symbol der Gemeinschaft zwischen Gott und den Menschen, des alten alttestamentlichen Bundes, der erneuert wird und mit dem Opfer Jesu eine v\u00f6llig neue Bedeutung erh\u00e4lt. Sein Blut, das zur S\u00fchne f\u00fcr alle S\u00fcnden geopfert wird, wird einerseits zum Symbol des eigenen kindlichen Gehorsams Jesu und andererseits zum Mittel der Erl\u00f6sung f\u00fcr alle Menschen. Mit dem Brot und dem Wein, die in jeder Messe geweiht werden, wird dieses Opfer erneuert, so wie die Gemeinschaft, die die Apostel beim Letzten Abendmahl essen und trinken sahen, erneuert wird und ein integraler Bestandteil jenes unermesslichen Geheimnisses wird.<\/p>\n<div class=\"link-article\">\n<p><img loading=\"lazy\" decoding=\"async\" class=\"alignleft size-full wp-image-1159\" src=\"https:\/\/blog.holyart.it\/de\/wp-content\/uploads\/sites\/12\/2021\/05\/Messkelch.jpg\" alt=\"Messkelch\" width=\"150\" height=\"100\" data-kale-share-title=\"Der priesterliche Kelch: eine kurze Anleitung f\u00fcr eine bewusste Entscheidung\" data-kale-share-url=\"https:\/\/blog.holyart.it\/de\/liturgische-gerate\/der-priesterliche-kelch-eine-kurze-anleitung-fuer-eine-bewusste-entscheidung\/\" \/><\/p>\n<div class=\"leggi-anche\">Lesen Sie auch:<\/div>\n<p><strong><a href=\"https:\/\/www.holyart.de\/blog\/liturgische-gerate\/messkelch\/\">Der messkelch<\/a><\/strong><br \/>\nDer Messkelch war damals schon anwesend. Am Anfang war er nur eine Trinkschale, die der Wein vor der Segnung behielt<\/p>\n<\/div>\n<p>Es ist daher nat\u00fcrlich, dass der <strong>Abendmahlskelch<\/strong> seine Bedeutung vor allem dem verdankt, was er enthalten soll: dem Wein, der zum Blut wird. Aber er hat auch einen eigenen symbolischen Wert, da er an den Kelch erinnert, den Jesus beim letzten Abendmahl benutzt hat, jenen heiligen Gral, um den sich so viele Legenden und wunderbare Geschichten ranken, die durch die Jahrhunderte \u00fcberliefert wurden.<\/p>\n<figure id=\"attachment_1160\" aria-describedby=\"caption-attachment-1160\" style=\"width: 1000px\" class=\"wp-caption aligncenter\"><img loading=\"lazy\" decoding=\"async\" class=\"wp-image-1160 size-full\" src=\"https:\/\/blog.holyart.it\/de\/wp-content\/uploads\/sites\/12\/2021\/05\/Zubeh\u00f6r-f\u00fcr-die-Liturgie.jpg\" alt=\"Zubeh\u00f6r f\u00fcr die Liturgie\" width=\"1000\" height=\"705\" data-kale-share-title=\"Der priesterliche Kelch: eine kurze Anleitung f\u00fcr eine bewusste Entscheidung\" data-kale-share-url=\"https:\/\/blog.holyart.it\/de\/liturgische-gerate\/der-priesterliche-kelch-eine-kurze-anleitung-fuer-eine-bewusste-entscheidung\/\" \/><figcaption id=\"caption-attachment-1160\" class=\"wp-caption-text\"><center>Zubeh\u00f6r f\u00fcr die Liturgie, die von Altarservern w\u00e4hrend liturgischer Feierlichkeiten verwendet wird<\/center><\/figcaption><\/figure>\n<p>Das Gleiche gilt nat\u00fcrlich auch f\u00fcr alle anderen <a href=\"https:\/\/www.holyart.de\/liturgische-gerate\"><strong>sakralen Ausstattungen<\/strong><\/a>, die von den Ministranten w\u00e4hrend der Liturgie benutzt werden. Neben dem <strong>Abendmahlskelch<\/strong> gibt es zum Beispiel die <a href=\"https:\/\/www.holyart.de\/liturgische-gerate\/kelche-ziborium-hostienschalen-patenen\/kelche-ziborien-patenen-aus-metall\/kelch-pyxis-malta-glaenzende-silbrig-und-gold\"><strong>Pyx<\/strong><\/a>, den <strong>Kelch<\/strong> f\u00fcr die <strong>Hostien<\/strong> (obwohl er auch die Form einer Schale haben kann), der die konsekrierten Partikel enthalten muss; die <a href=\"https:\/\/www.holyart.de\/liturgische-gerate\/messkannchengarnitur\"><strong>Ampullen<\/strong><\/a>, meist aus Glas, die das Wasser und den Wein enthalten, bevor sie eingegossen werden; die <strong>Patene<\/strong>, d.h. die Schalen, auf die der Priester die gr\u00f6\u00dfere Hostie w\u00e4hrend der Konsekration legt.<\/p>\n<div class=\"link-product\">\n<div class=\"blocco-immagine\"><img loading=\"lazy\" decoding=\"async\" class=\"alignnone size-full wp-image-1161\" src=\"https:\/\/blog.holyart.it\/de\/wp-content\/uploads\/sites\/12\/2021\/05\/kelch-ziborium-hostienschale.jpg\" alt=\"kelch ziborium hostienschale\" width=\"100\" height=\"100\" data-kale-share-title=\"Der priesterliche Kelch: eine kurze Anleitung f\u00fcr eine bewusste Entscheidung\" data-kale-share-url=\"https:\/\/blog.holyart.it\/de\/liturgische-gerate\/der-priesterliche-kelch-eine-kurze-anleitung-fuer-eine-bewusste-entscheidung\/\" \/><\/div>\n<div class=\"blocco-contenuto\">\n<div class=\"blocco-acquista\">Einkaufen:<\/div>\n<div class=\"blocco-titolo\"><a href=\"https:\/\/www.holyart.de\/liturgische-gerate\/kelche-ziborium-hostienschalen-patenen\/kelche-ziborien-patenen-aus-metall?sorter_id=0&amp;39%5B%5D=1955&amp;p_min=&amp;p_max=\">Kelch Ziborium Hostienschale<\/a><\/div>\n<div class=\"blocco-descrizione\">Kelch Ziborium Hostienschale mit aufgerauten Dekorationen<\/div>\n<\/div>\n<\/div>\n<p>Es gibt auch Elemente aus Stoff, die f\u00fcr die Zeremonie ebenso wichtig sind, wie das <strong><a href=\"https:\/\/www.holyart.de\/liturgische-gerate\/paramente-altargarnitur-und-pultbehange\/altargarnitur\/corporale-aus-lein-mischung\">Korporale<\/a><\/strong>, d.h. das gest\u00e4rkte quadratische Tischtuch, das auf den Altar gelegt wird, um den Leib Christi zu empfangen; die <strong>Palla<\/strong>, der priesterliche Kelchdeckel, der aus einem gest\u00e4rkten quadratischen Tuch besteht; das <strong>Purifikatorium<\/strong>, ein kleines Tuch, mit dem Kelch und Patene nach der Kommunion abgewischt werden; und das <strong>Lavabotuch<\/strong>, das der Priester als Handtuch benutzt.<\/p>\n<p>Im Liber Pontificalis, einer Reihe von biographischen Notizen, die in chronologischer Reihenfolge \u00fcber die P\u00e4pste, die bis zum Ende des 9. Jahrhunderts auf dem p\u00e4pstlichen Thron sa\u00dfen, zusammengestellt wurden, werden oft priesterliche Kelche erw\u00e4hnt. Dabei werden sie in Kelche und Scyphi ahunterteilt, je nach der Verwendung, f\u00fcr die sie bestimmt waren: die Konsekration von Wein, die Verteilung der Eucharistie oder ihre Verwendung als einfache Votivgaben.<\/p>\n<div class=\"link-product\">\n<div class=\"blocco-immagine\"><img loading=\"lazy\" decoding=\"async\" class=\"alignnone size-full wp-image-1163\" src=\"https:\/\/blog.holyart.it\/de\/wp-content\/uploads\/sites\/12\/2021\/05\/patene-aus-messing.jpg\" alt=\"patene aus messing\" width=\"100\" height=\"100\" data-kale-share-title=\"Der priesterliche Kelch: eine kurze Anleitung f\u00fcr eine bewusste Entscheidung\" data-kale-share-url=\"https:\/\/blog.holyart.it\/de\/liturgische-gerate\/der-priesterliche-kelch-eine-kurze-anleitung-fuer-eine-bewusste-entscheidung\/\" \/><\/div>\n<div class=\"blocco-contenuto\">\n<div class=\"blocco-acquista\">Einkaufen:<\/div>\n<div class=\"blocco-titolo\"><a href=\"https:\/\/www.holyart.de\/liturgische-gerate\/kelche-ziborium-hostienschalen-patenen\/kelche-ziborien-patenen-aus-metall?sorter_id=0&amp;39%5B%5D=1956&amp;p_min=&amp;p_max=\">Patenen aus metal<\/a><\/div>\n<div class=\"blocco-descrizione\">von klassischen Patenen zu den modernen<\/div>\n<\/div>\n<\/div>\n<p>Laut dem Liber Pontificalis konnten die Kelche nach verschiedenen Merkmalen katalogisiert werden, und zwar:<\/p>\n<ul>\n<li>maiores oder minores, je nach Gr\u00f6\u00dfe;<\/li>\n<li>sacri oder sancti, wenn sie zur Weihe verwendet werden;<\/li>\n<li>ministeriales, wenn sie dazu verwendet werden, den Gl\u00e4ubigen die Kommunion zu reichen;<\/li>\n<li>offertorii, wenn sie dazu bestimmt sind, den zu konsekrierenden Wein zu enthalten;<\/li>\n<li>quotidiani, f\u00fcr den t\u00e4glichen, nicht-festlichen Gebrauch;<\/li>\n<li>stationales, wenn sie in den Funktionen der station\u00e4ren Riten verwendet werden;<\/li>\n<li>ad baptismum, f\u00fcr neue Christen;<\/li>\n<li>pendentiles oder appensorii, bei Verwendung als Votivobjekte nur dekorativ.<\/li>\n<\/ul>\n<p>Sp\u00e4ter, im 12. und 13. Jahrhundert, werden auch Kelche aufgef\u00fchrt:<\/p>\n<ul>\n<li>ad communicandos infirmos, den Kranken die Kommunion erteilen;<\/li>\n<li>viaticus, f\u00fcr Reisen, kleiner;<\/li>\n<li>funerarius, die Gr\u00e4ber der Priester schm\u00fccken.<\/li>\n<\/ul>\n<p>Eine weitere Katalogisierung von Kelchen, moderner und allgemeiner, k\u00f6nnte diese sein:<\/p>\n<ul>\n<li>Kelch ansato: gro\u00df, mit Henkeln, verbreitet in der Karolingerzeit;<\/li>\n<li>Kelch mit Glocken: verziert mit Glocken, die an der Kuppa oder am Unterbecher h\u00e4ngen, weit verbreitet in den L\u00e4ndern des spanischen Kulturkreises;<\/li>\n<li>Kelch zur Verkostung: klein in der Gr\u00f6\u00dfe, mit Henkeln und Deckel, wird f\u00fcr die Weinprobe vor der Messe verwendet;<\/li>\n<li>Missionarskelch: klein in der Gr\u00f6\u00dfe, geeignet f\u00fcr lange Reisen;<\/li>\n<li>Seminarkelch: nicht geweiht und aus unedlem Material;<\/li>\n<li>er wird verwendet, um Seminaristen zu unterrichten, damit sie lernen, wie man die Messe feiert;<\/li>\n<li>Kelch f\u00fcr das Begr\u00e4bnis: wie der zuvor erw\u00e4hnte funerarius war er klein und leicht, aus einem einfachen Material, wie Holz, Blei oder Zinn, und wurde in die Gr\u00e4ber der Priester gestellt;<\/li>\n<li>Kelch f\u00fcr den Papst: er ist f\u00fcr den Papst reserviert und hat einen Deckel, der ihn verschlie\u00dft;<\/li>\n<li>Reinigungskelch: bis zum 17. Jahrhundert wurde er benutzt, um den Gl\u00e4ubigen, die die Kommunion genommen hatten, ungeweihten Wein anzubieten, mit dem sie ihren Mund aussp\u00fclen konnten;<\/li>\n<li>Reisekelch: klein, manchmal abnehmbar, wird auf Reisen benutzt.<\/li>\n<\/ul>\n<div class=\"link-product\">\n<div class=\"blocco-immagine\"><img loading=\"lazy\" decoding=\"async\" class=\"alignnone size-full wp-image-1165\" src=\"https:\/\/blog.holyart.it\/de\/wp-content\/uploads\/sites\/12\/2021\/05\/reisekelch-aus-messing.jpg\" alt=\"reisekelch aus messing\" width=\"100\" height=\"100\" data-kale-share-title=\"Der priesterliche Kelch: eine kurze Anleitung f\u00fcr eine bewusste Entscheidung\" data-kale-share-url=\"https:\/\/blog.holyart.it\/de\/liturgische-gerate\/der-priesterliche-kelch-eine-kurze-anleitung-fuer-eine-bewusste-entscheidung\/\" \/><\/div>\n<div class=\"blocco-contenuto\">\n<div class=\"blocco-acquista\">Einkaufen:<\/div>\n<div class=\"blocco-titolo\"><a href=\"https:\/\/www.holyart.de\/liturgische-gerate\/kelche-ziborium-hostienschalen-patenen\/kelche-ziborien-patenen-aus-metall?39%5B%5D=1959&amp;p_min=&amp;p_max=\">Reisekelch<\/a><\/div>\n<div class=\"blocco-descrizione\">Der Kelch ist aus goldenen Messing<\/div>\n<\/div>\n<\/div>\n<h2>Wie ein liturgischer Kelch hergestellt wird<\/h2>\n<p><img loading=\"lazy\" decoding=\"async\" class=\"aligncenter size-full wp-image-1176\" src=\"https:\/\/blog.holyart.it\/de\/wp-content\/uploads\/sites\/12\/2021\/05\/Wie-ein-liturgischer-Kelch-hergestellt-wird.jpg\" alt=\"Wie ein liturgischer Kelch hergestellt wird\" width=\"1000\" height=\"500\" data-kale-share-title=\"Der priesterliche Kelch: eine kurze Anleitung f\u00fcr eine bewusste Entscheidung\" data-kale-share-url=\"https:\/\/blog.holyart.it\/de\/liturgische-gerate\/der-priesterliche-kelch-eine-kurze-anleitung-fuer-eine-bewusste-entscheidung\/\" \/><\/p>\n<p>Der Priesterkelch hat im Laufe der Jahrhunderte eine beachtliche stilistische Entwicklung durchgemacht: Er ver\u00e4nderte seine Form von einer Art Schale aus Terrakotta oder Glas zu pr\u00e4chtigen und kostbaren Kelchen und dann wieder zu viel bescheideneren Objekten, um dann zwischen der Renaissance und dem 19. Jahrhundert eine gro\u00dfe k\u00fcnstlerische Bl\u00fcte zu erleben und zu einem echten Schmuckelement zu werden, das zum Schatz vieler Kirchen und Kl\u00f6ster geh\u00f6rt.<\/p>\n<div class=\"link-product\">\n<div class=\"blocco-immagine\"><img loading=\"lazy\" decoding=\"async\" class=\"alignnone size-full wp-image-1166\" src=\"https:\/\/blog.holyart.it\/de\/wp-content\/uploads\/sites\/12\/2021\/05\/konzelebrationskelch-aus-keramik.jpg\" alt=\"konzelebrationskelch aus keramik\" width=\"100\" height=\"100\" data-kale-share-title=\"Der priesterliche Kelch: eine kurze Anleitung f\u00fcr eine bewusste Entscheidung\" data-kale-share-url=\"https:\/\/blog.holyart.it\/de\/liturgische-gerate\/der-priesterliche-kelch-eine-kurze-anleitung-fuer-eine-bewusste-entscheidung\/\" \/><\/div>\n<div class=\"blocco-contenuto\">\n<div class=\"blocco-acquista\">Einkaufen:<\/div>\n<div class=\"blocco-titolo\"><a href=\"https:\/\/www.holyart.de\/liturgische-gerate\/kelche-ziborium-hostienschalen-patenen\/kelche-ziborien-patenen-aus-keramik?23%5B%5D=332&amp;p_min=&amp;p_max=\">Konzelebrationskelch aus Keramik<\/a><\/div>\n<div class=\"blocco-descrizione\">Konzelebrationskelch aus Keramik Brote und Fische<\/div>\n<\/div>\n<\/div>\n<p>Die ersten Kelche oder Scyphi waren aus Gold oder Silber, oft gepr\u00e4gt und ziseliert und mit Perlen und Edelsteinen verziert. Nach dem Jahr 1000 wurde der liturgische Ritus mehr und mehr vereinfacht, und die Tradition, den Gl\u00e4ubigen Wein zu opfern, verschwand. Auch die Form des Kelches wurde immer wichtiger. Romanische Kelche hatten das Aussehen von breiten, flachen, fast halbkugelf\u00f6rmigen Bechern und ruhten direkt auf dem Knoten. Der Stiel und der Fu\u00df wurden durch eine umgedrehte Campanula ersetzt.<\/p>\n<p>In der Gotik begannen sich die Kelche zu verl\u00e4ngern: Die Kuppa wurde kleiner, der Stiel wurde l\u00e4nger und mit Verzierungen versehen, der polygonale Knoten begann auf einem verzierten Fu\u00df zu ruhen. Im 16. Jahrhundert erfuhr der Priesterkelch eine neue Vereinfachung. Die Kuppa wurde aufgeweitet, der Stiel eif\u00f6rmig, die Basis rund. Die Symbole der Passion wurden zu den Dekorationen der Sp\u00e4trenaissance hinzugef\u00fcgt. Der moderne Priesterkelch hat die Form eines ausgestellten Kelches und besteht aus drei Teilen: dem Fu\u00df, dem Stiel und der Kuppa. Seine Linienf\u00fchrung wurde weiter vereinfacht, die dekorativen Elemente bleiben neugotisch oder barock, vor allem Symbole, die an die Eucharistie und die Passion erinnern. Der Fu\u00df des Abendmahlskelches ist in der Regel rund, er kann aber auch polygonal sein oder eine komplexe Form aus Linien und Kurven haben. Wichtig ist, dass er gro\u00df genug ist, um der gesamten Struktur maximale Stabilit\u00e4t zu verleihen. Aus diesem Grund muss er breiter sein als die Kuppa. Der Stiel kann unterschiedliche L\u00e4ngen haben, steht aber normalerweise im Verh\u00e4ltnis zu den anderen Elementen. Er ist durch einen Knoten unterbrochen, ein Element, das sowohl dekorativ ist als auch dem Priester bei der Handhabung des Kelches w\u00e4hrend der Konsekration helfen soll. Die Form der Kuppa muss auch ber\u00fccksichtigen, f\u00fcr was sie bestimmt ist. Er sollte nicht zu tief sein und sich oben, wo der Priester seine Lippen auflegt, etwas verbreitern.<\/p>\n<h2>Die Ma\u00dfe des Priesterkelches<\/h2>\n<p>Der Priesterkelch muss genaue Ma\u00dfe haben, die durch den Apostolischen Besuch von Rom 1904 festgelegt wurden: Er darf nicht weniger als 16 cm hoch sein, darf aber niemals 28 cm \u00fcberschreiten. Ein guter Durchschnitt f\u00fcr einen gebr\u00e4uchlichen Kelch ist eine <strong>H\u00f6he von etwa 22 cm<\/strong>, mit einer Kuppa mit einem <strong>Durchmesser von 25 cm<\/strong>, zumindest nach dem heiligen Karl Borrom\u00e4us. Kelche, die mit besonderer k\u00fcnstlerischer Sorgfalt hergestellt werden, k\u00f6nnen dagegen bis zu 27 cm hoch sein und die Kuppa kann einen Umfang von 32 cm haben. <strong>Reisekelche<\/strong> und <strong>Missionskelche<\/strong> k\u00f6nnen etwas kleiner sein, da sie leicht getragen werden m\u00fcssen. In diesem Fall kann die H\u00f6he auf 15 cm reduziert werden.<\/p>\n<h2>Die Materialien, mit denen der heilige Kelch hergestellt wird<\/h2>\n<p>Die fr\u00fche Kirche benutzte Kelche und Becher im allgemeinen Gebrauch, also aus <strong>Glas<\/strong>. Aber bald begann man, Kelche f\u00fcr die Messe zu schaffen, die fein mit christlichen Symbolen verziert waren. Vor allem wurden kostbare Materialien wie <strong>Gold<\/strong>, <strong>Silber<\/strong>, <strong>Achat<\/strong>, <strong>Onyx<\/strong>, <strong>Marmor<\/strong> usw. bei ihrer Herstellung verwendet.<\/p>\n<p>Im fr\u00fchen Mittelalter wurden wieder weniger edle Metalle, aber auch <strong>Stein<\/strong>, <strong>Horn<\/strong> und <strong>Holz<\/strong> verwendet. Heutzutage verlangen die liturgischen Normen, dass zumindest die Innenseite des Kelchbechers aus Edelmetall, <strong>Gold<\/strong> oder <strong>Silber<\/strong>, besteht, oder dass er innen vergoldet ist. Das liegt daran, dass er dazu bestimmt ist, mit dem Blut oder dem Leib Christi in Ber\u00fchrung zu kommen. F\u00fcr die Kuppa ist es verboten, ein nicht edles Material zu verwenden, das leicht besch\u00e4digt oder zerbrochen werden kann, wie zum Beispiel <strong>Ton<\/strong>, <strong>Bronze<\/strong>, <strong>Glas<\/strong>, <strong>Holz<\/strong> sein k\u00f6nnte.<\/p>\n<div class=\"link-product\">\n<div class=\"blocco-immagine\"><img loading=\"lazy\" decoding=\"async\" class=\"alignnone size-full wp-image-1169\" src=\"https:\/\/blog.holyart.it\/de\/wp-content\/uploads\/sites\/12\/2021\/05\/kelch-olivenholz-von-assisi.jpg\" alt=\"kelch olivenholz von assisi\" width=\"100\" height=\"100\" data-kale-share-title=\"Der priesterliche Kelch: eine kurze Anleitung f\u00fcr eine bewusste Entscheidung\" data-kale-share-url=\"https:\/\/blog.holyart.it\/de\/liturgische-gerate\/der-priesterliche-kelch-eine-kurze-anleitung-fuer-eine-bewusste-entscheidung\/\" \/><\/div>\n<div class=\"blocco-contenuto\">\n<div class=\"blocco-acquista\">Einkaufen:<\/div>\n<div class=\"blocco-titolo\"><a href=\"https:\/\/www.holyart.de\/liturgische-gerate\/kelche-ziborium-hostienschalen-patenen\/kelche-ziborien-patenen-aus-olivenholz\/kelch-olivenholz-von-assisi-und-messing-mit-knoten-20cm\">Kelch Olivenholz<\/a><\/div>\n<div class=\"blocco-descrizione\">Handwerkprodukt realisiert in Italien<\/div>\n<\/div>\n<\/div>\n<p>Es wird Messing akzeptiert, das zwar nicht edel, aber widerstandsf\u00e4hig ist und nicht leicht bricht, solange die Innenvergoldung bei Oxidation ersetzt wird. Es spielt jedoch keine Rolle, aus welchem Metall der Stiel, der Knoten und der Fu\u00df gefertigt sind. Zinn ist sehr verbreitet und hat den Vorteil, dass es sehr g\u00fcnstig und widerstandsf\u00e4hig ist.<\/p>\n<h2>Der Stil des priesterlichen Kelches<\/h2>\n<p><img loading=\"lazy\" decoding=\"async\" class=\"aligncenter size-full wp-image-1175\" src=\"https:\/\/blog.holyart.it\/de\/wp-content\/uploads\/sites\/12\/2021\/05\/Der-Stil-des-Priesterkelches.png\" alt=\"Der Stil des Priesterkelches\" width=\"1000\" height=\"421\" data-kale-share-title=\"Der priesterliche Kelch: eine kurze Anleitung f\u00fcr eine bewusste Entscheidung\" data-kale-share-url=\"https:\/\/blog.holyart.it\/de\/liturgische-gerate\/der-priesterliche-kelch-eine-kurze-anleitung-fuer-eine-bewusste-entscheidung\/\" \/><\/p>\n<p>Priesterliche Kelche k\u00f6nnen in vier Typen unterteilt werden, je nach dem Stil, mit dem sie hergestellt werden:<\/p>\n<ul>\n<li>Barockstil;<\/li>\n<li>neoklassischer Stil;<\/li>\n<li>mittelalterlicher Stil;<\/li>\n<li>schlichter Stil.<\/li>\n<\/ul>\n<p>Der barocke Kelch ist abgeleitet von den Kelchen des 19. Jahrhunderts, die sorgf\u00e4ltig gemei\u00dfelt und oft mit Engelsk\u00f6pfen und anderen sehr reichen Ornamenten verziert sind. Seine H\u00f6he variiert zwischen 27 und 30 cm.<\/p>\n<p>Der neoklassische Kelch ist inspiriert von neoklassischen Modellen, mit linearen und nicht sehr aufwendigen Dekorationen. Seine H\u00f6he betr\u00e4gt zwischen 25 und 27 cm.<\/p>\n<p>Der mittelalterliche Kelch erinnert an die gotische Kunst, mit aufw\u00e4ndigen Ziselierungen, Gravuren, Pr\u00e4gungen und Flachreliefs. Seine H\u00f6he betr\u00e4gt etwa 25 cm.<\/p>\n<p>Der schlichte Kelch ist der modernste, mit n\u00fcchternen und schlanken Linien, aber andererseits reich an Gravuren. Seine H\u00f6he liegt zwischen 25 und 28 cm.<\/p>\n","protected":false},"excerpt":{"rendered":"<p>Der priesterliche Kelch, das Gef\u00e4\u00df, das das Blut Christi w\u00e4hrend der Messe aufnimmt. Symbol der Gemeinschaft zwischen Gott und den Menschen, des in Jesus inkarnierten Heils. Der Kelch ist das heilige Gef\u00e4\u00df, das den Wein enth\u00e4lt, der w\u00e4hrend der Eucharistiefeier zum Blut Christi wird. Es&hellip;<\/p>\n","protected":false},"author":1,"featured_media":1157,"comment_status":"closed","ping_status":"open","sticky":false,"template":"","format":"standard","meta":{"_acf_changed":false,"footnotes":""},"categories":[5],"tags":[],"class_list":["post-1149","post","type-post","status-publish","format-standard","has-post-thumbnail","hentry","category-liturgische-gerate"],"acf":[],"yoast_head":"<!-- This site is optimized with the Yoast SEO plugin v26.6 - https:\/\/yoast.com\/wordpress\/plugins\/seo\/ -->\n<title>Der priesterliche Kelch: eine kurze Anleitung f\u00fcr eine bewusste Entscheidung<\/title>\n<meta name=\"description\" content=\"Der priesterliche Kelch das Blut Christi w\u00e4hrend der Messe aufnimmt. Symbol der Gemeinschaft zwischen Gott und den Menschen in Jesus inkarnierten Heils.\" \/>\n<meta name=\"robots\" content=\"index, follow, max-snippet:-1, max-image-preview:large, max-video-preview:-1\" \/>\n<link rel=\"canonical\" href=\"https:\/\/blog.holyart.it\/de\/liturgische-gerate\/der-priesterliche-kelch-eine-kurze-anleitung-fuer-eine-bewusste-entscheidung\/\" \/>\n<meta property=\"og:locale\" content=\"de_DE\" \/>\n<meta property=\"og:type\" content=\"article\" \/>\n<meta property=\"og:title\" content=\"Der priesterliche Kelch: eine kurze Anleitung f\u00fcr eine bewusste Entscheidung\" \/>\n<meta property=\"og:description\" content=\"Der priesterliche Kelch das Blut Christi w\u00e4hrend der Messe aufnimmt. Symbol der Gemeinschaft zwischen Gott und den Menschen in Jesus inkarnierten Heils.\" \/>\n<meta property=\"og:url\" content=\"https:\/\/blog.holyart.it\/de\/liturgische-gerate\/der-priesterliche-kelch-eine-kurze-anleitung-fuer-eine-bewusste-entscheidung\/\" \/>\n<meta property=\"og:site_name\" content=\"Holyart.de Blog\" \/>\n<meta property=\"article:published_time\" content=\"2021-05-11T10:58:48+00:00\" \/>\n<meta property=\"article:modified_time\" content=\"2021-05-17T15:06:03+00:00\" \/>\n<meta property=\"og:image\" content=\"https:\/\/blog.holyart.it\/de\/wp-content\/uploads\/sites\/12\/2021\/05\/Der-priesterliche-Kelch.jpg\" \/>\n\t<meta property=\"og:image:width\" content=\"1000\" \/>\n\t<meta property=\"og:image:height\" content=\"666\" \/>\n\t<meta property=\"og:image:type\" content=\"image\/jpeg\" \/>\n<meta name=\"author\" content=\"Redazione\" \/>\n<meta name=\"twitter:card\" content=\"summary_large_image\" \/>\n<meta name=\"twitter:label1\" content=\"Verfasst von\" \/>\n\t<meta name=\"twitter:data1\" content=\"Redazione\" \/>\n\t<meta name=\"twitter:label2\" content=\"Gesch\u00e4tzte Lesezeit\" \/>\n\t<meta name=\"twitter:data2\" content=\"9\u00a0Minuten\" \/>\n<script type=\"application\/ld+json\" class=\"yoast-schema-graph\">{\"@context\":\"https:\/\/schema.org\",\"@graph\":[{\"@type\":\"Article\",\"@id\":\"https:\/\/blog.holyart.it\/de\/liturgische-gerate\/der-priesterliche-kelch-eine-kurze-anleitung-fuer-eine-bewusste-entscheidung\/#article\",\"isPartOf\":{\"@id\":\"https:\/\/blog.holyart.it\/de\/liturgische-gerate\/der-priesterliche-kelch-eine-kurze-anleitung-fuer-eine-bewusste-entscheidung\/\"},\"author\":{\"name\":\"Redazione\",\"@id\":\"https:\/\/blog.holyart.it\/de\/#\/schema\/person\/0a7b686e5af0f856ec1e390dd0baecda\"},\"headline\":\"Der priesterliche Kelch: eine kurze Anleitung f\u00fcr eine bewusste Entscheidung\",\"datePublished\":\"2021-05-11T10:58:48+00:00\",\"dateModified\":\"2021-05-17T15:06:03+00:00\",\"mainEntityOfPage\":{\"@id\":\"https:\/\/blog.holyart.it\/de\/liturgische-gerate\/der-priesterliche-kelch-eine-kurze-anleitung-fuer-eine-bewusste-entscheidung\/\"},\"wordCount\":1771,\"publisher\":{\"@id\":\"https:\/\/blog.holyart.it\/de\/#organization\"},\"image\":{\"@id\":\"https:\/\/blog.holyart.it\/de\/liturgische-gerate\/der-priesterliche-kelch-eine-kurze-anleitung-fuer-eine-bewusste-entscheidung\/#primaryimage\"},\"thumbnailUrl\":\"https:\/\/blog.holyart.it\/de\/wp-content\/uploads\/sites\/12\/2021\/05\/Der-priesterliche-Kelch.jpg\",\"articleSection\":[\"Liturgie\"],\"inLanguage\":\"de\"},{\"@type\":\"WebPage\",\"@id\":\"https:\/\/blog.holyart.it\/de\/liturgische-gerate\/der-priesterliche-kelch-eine-kurze-anleitung-fuer-eine-bewusste-entscheidung\/\",\"url\":\"https:\/\/blog.holyart.it\/de\/liturgische-gerate\/der-priesterliche-kelch-eine-kurze-anleitung-fuer-eine-bewusste-entscheidung\/\",\"name\":\"Der priesterliche Kelch: eine kurze Anleitung f\u00fcr eine bewusste Entscheidung\",\"isPartOf\":{\"@id\":\"https:\/\/blog.holyart.it\/de\/#website\"},\"primaryImageOfPage\":{\"@id\":\"https:\/\/blog.holyart.it\/de\/liturgische-gerate\/der-priesterliche-kelch-eine-kurze-anleitung-fuer-eine-bewusste-entscheidung\/#primaryimage\"},\"image\":{\"@id\":\"https:\/\/blog.holyart.it\/de\/liturgische-gerate\/der-priesterliche-kelch-eine-kurze-anleitung-fuer-eine-bewusste-entscheidung\/#primaryimage\"},\"thumbnailUrl\":\"https:\/\/blog.holyart.it\/de\/wp-content\/uploads\/sites\/12\/2021\/05\/Der-priesterliche-Kelch.jpg\",\"datePublished\":\"2021-05-11T10:58:48+00:00\",\"dateModified\":\"2021-05-17T15:06:03+00:00\",\"description\":\"Der priesterliche Kelch das Blut Christi w\u00e4hrend der Messe aufnimmt. Symbol der Gemeinschaft zwischen Gott und den Menschen in Jesus inkarnierten Heils.\",\"breadcrumb\":{\"@id\":\"https:\/\/blog.holyart.it\/de\/liturgische-gerate\/der-priesterliche-kelch-eine-kurze-anleitung-fuer-eine-bewusste-entscheidung\/#breadcrumb\"},\"inLanguage\":\"de\",\"potentialAction\":[{\"@type\":\"ReadAction\",\"target\":[\"https:\/\/blog.holyart.it\/de\/liturgische-gerate\/der-priesterliche-kelch-eine-kurze-anleitung-fuer-eine-bewusste-entscheidung\/\"]}]},{\"@type\":\"ImageObject\",\"inLanguage\":\"de\",\"@id\":\"https:\/\/blog.holyart.it\/de\/liturgische-gerate\/der-priesterliche-kelch-eine-kurze-anleitung-fuer-eine-bewusste-entscheidung\/#primaryimage\",\"url\":\"https:\/\/blog.holyart.it\/de\/wp-content\/uploads\/sites\/12\/2021\/05\/Der-priesterliche-Kelch.jpg\",\"contentUrl\":\"https:\/\/blog.holyart.it\/de\/wp-content\/uploads\/sites\/12\/2021\/05\/Der-priesterliche-Kelch.jpg\",\"width\":1000,\"height\":666,\"caption\":\"Der priesterliche Kelch\"},{\"@type\":\"BreadcrumbList\",\"@id\":\"https:\/\/blog.holyart.it\/de\/liturgische-gerate\/der-priesterliche-kelch-eine-kurze-anleitung-fuer-eine-bewusste-entscheidung\/#breadcrumb\",\"itemListElement\":[{\"@type\":\"ListItem\",\"position\":1,\"name\":\"Homepage\",\"item\":\"https:\/\/blog.holyart.it\/de\/\"},{\"@type\":\"ListItem\",\"position\":2,\"name\":\"Liturgie\",\"item\":\"https:\/\/blog.holyart.it\/de\/liturgische-gerate\/\"},{\"@type\":\"ListItem\",\"position\":3,\"name\":\"Der priesterliche Kelch: eine kurze Anleitung f\u00fcr eine bewusste Entscheidung\"}]},{\"@type\":\"WebSite\",\"@id\":\"https:\/\/blog.holyart.it\/de\/#website\",\"url\":\"https:\/\/blog.holyart.it\/de\/\",\"name\":\"Holyart.de Blog\",\"description\":\"Holyblog\",\"publisher\":{\"@id\":\"https:\/\/blog.holyart.it\/de\/#organization\"},\"potentialAction\":[{\"@type\":\"SearchAction\",\"target\":{\"@type\":\"EntryPoint\",\"urlTemplate\":\"https:\/\/blog.holyart.it\/de\/?s={search_term_string}\"},\"query-input\":{\"@type\":\"PropertyValueSpecification\",\"valueRequired\":true,\"valueName\":\"search_term_string\"}}],\"inLanguage\":\"de\"},{\"@type\":\"Organization\",\"@id\":\"https:\/\/blog.holyart.it\/de\/#organization\",\"name\":\"Holyart.de Blog\",\"url\":\"https:\/\/blog.holyart.it\/de\/\",\"logo\":{\"@type\":\"ImageObject\",\"inLanguage\":\"de\",\"@id\":\"https:\/\/blog.holyart.it\/de\/#\/schema\/logo\/image\/\",\"url\":\"https:\/\/blog.holyart.it\/de\/wp-content\/uploads\/sites\/12\/2022\/12\/Holyart_Blog_Logo.jpg\",\"contentUrl\":\"https:\/\/blog.holyart.it\/de\/wp-content\/uploads\/sites\/12\/2022\/12\/Holyart_Blog_Logo.jpg\",\"width\":300,\"height\":50,\"caption\":\"Holyart.de Blog\"},\"image\":{\"@id\":\"https:\/\/blog.holyart.it\/de\/#\/schema\/logo\/image\/\"}},{\"@type\":\"Person\",\"@id\":\"https:\/\/blog.holyart.it\/de\/#\/schema\/person\/0a7b686e5af0f856ec1e390dd0baecda\",\"name\":\"Redazione\",\"image\":{\"@type\":\"ImageObject\",\"inLanguage\":\"de\",\"@id\":\"https:\/\/blog.holyart.it\/de\/#\/schema\/person\/image\/\",\"url\":\"https:\/\/secure.gravatar.com\/avatar\/f477da817f43e50d0af36abecd33e3edf826c68299714bdc1057dff3b113f516?s=96&d=mm&r=g\",\"contentUrl\":\"https:\/\/secure.gravatar.com\/avatar\/f477da817f43e50d0af36abecd33e3edf826c68299714bdc1057dff3b113f516?s=96&d=mm&r=g\",\"caption\":\"Redazione\"}}]}<\/script>\n<!-- \/ Yoast SEO plugin. -->","yoast_head_json":{"title":"Der priesterliche Kelch: eine kurze Anleitung f\u00fcr eine bewusste Entscheidung","description":"Der priesterliche Kelch das Blut Christi w\u00e4hrend der Messe aufnimmt. Symbol der Gemeinschaft zwischen Gott und den Menschen in Jesus inkarnierten Heils.","robots":{"index":"index","follow":"follow","max-snippet":"max-snippet:-1","max-image-preview":"max-image-preview:large","max-video-preview":"max-video-preview:-1"},"canonical":"https:\/\/blog.holyart.it\/de\/liturgische-gerate\/der-priesterliche-kelch-eine-kurze-anleitung-fuer-eine-bewusste-entscheidung\/","og_locale":"de_DE","og_type":"article","og_title":"Der priesterliche Kelch: eine kurze Anleitung f\u00fcr eine bewusste Entscheidung","og_description":"Der priesterliche Kelch das Blut Christi w\u00e4hrend der Messe aufnimmt. Symbol der Gemeinschaft zwischen Gott und den Menschen in Jesus inkarnierten Heils.","og_url":"https:\/\/blog.holyart.it\/de\/liturgische-gerate\/der-priesterliche-kelch-eine-kurze-anleitung-fuer-eine-bewusste-entscheidung\/","og_site_name":"Holyart.de Blog","article_published_time":"2021-05-11T10:58:48+00:00","article_modified_time":"2021-05-17T15:06:03+00:00","og_image":[{"width":1000,"height":666,"url":"https:\/\/blog.holyart.it\/de\/wp-content\/uploads\/sites\/12\/2021\/05\/Der-priesterliche-Kelch.jpg","type":"image\/jpeg"}],"author":"Redazione","twitter_card":"summary_large_image","twitter_misc":{"Verfasst von":"Redazione","Gesch\u00e4tzte Lesezeit":"9\u00a0Minuten"},"schema":{"@context":"https:\/\/schema.org","@graph":[{"@type":"Article","@id":"https:\/\/blog.holyart.it\/de\/liturgische-gerate\/der-priesterliche-kelch-eine-kurze-anleitung-fuer-eine-bewusste-entscheidung\/#article","isPartOf":{"@id":"https:\/\/blog.holyart.it\/de\/liturgische-gerate\/der-priesterliche-kelch-eine-kurze-anleitung-fuer-eine-bewusste-entscheidung\/"},"author":{"name":"Redazione","@id":"https:\/\/blog.holyart.it\/de\/#\/schema\/person\/0a7b686e5af0f856ec1e390dd0baecda"},"headline":"Der priesterliche Kelch: eine kurze Anleitung f\u00fcr eine bewusste Entscheidung","datePublished":"2021-05-11T10:58:48+00:00","dateModified":"2021-05-17T15:06:03+00:00","mainEntityOfPage":{"@id":"https:\/\/blog.holyart.it\/de\/liturgische-gerate\/der-priesterliche-kelch-eine-kurze-anleitung-fuer-eine-bewusste-entscheidung\/"},"wordCount":1771,"publisher":{"@id":"https:\/\/blog.holyart.it\/de\/#organization"},"image":{"@id":"https:\/\/blog.holyart.it\/de\/liturgische-gerate\/der-priesterliche-kelch-eine-kurze-anleitung-fuer-eine-bewusste-entscheidung\/#primaryimage"},"thumbnailUrl":"https:\/\/blog.holyart.it\/de\/wp-content\/uploads\/sites\/12\/2021\/05\/Der-priesterliche-Kelch.jpg","articleSection":["Liturgie"],"inLanguage":"de"},{"@type":"WebPage","@id":"https:\/\/blog.holyart.it\/de\/liturgische-gerate\/der-priesterliche-kelch-eine-kurze-anleitung-fuer-eine-bewusste-entscheidung\/","url":"https:\/\/blog.holyart.it\/de\/liturgische-gerate\/der-priesterliche-kelch-eine-kurze-anleitung-fuer-eine-bewusste-entscheidung\/","name":"Der priesterliche Kelch: eine kurze Anleitung f\u00fcr eine bewusste Entscheidung","isPartOf":{"@id":"https:\/\/blog.holyart.it\/de\/#website"},"primaryImageOfPage":{"@id":"https:\/\/blog.holyart.it\/de\/liturgische-gerate\/der-priesterliche-kelch-eine-kurze-anleitung-fuer-eine-bewusste-entscheidung\/#primaryimage"},"image":{"@id":"https:\/\/blog.holyart.it\/de\/liturgische-gerate\/der-priesterliche-kelch-eine-kurze-anleitung-fuer-eine-bewusste-entscheidung\/#primaryimage"},"thumbnailUrl":"https:\/\/blog.holyart.it\/de\/wp-content\/uploads\/sites\/12\/2021\/05\/Der-priesterliche-Kelch.jpg","datePublished":"2021-05-11T10:58:48+00:00","dateModified":"2021-05-17T15:06:03+00:00","description":"Der priesterliche Kelch das Blut Christi w\u00e4hrend der Messe aufnimmt. Symbol der Gemeinschaft zwischen Gott und den Menschen in Jesus inkarnierten Heils.","breadcrumb":{"@id":"https:\/\/blog.holyart.it\/de\/liturgische-gerate\/der-priesterliche-kelch-eine-kurze-anleitung-fuer-eine-bewusste-entscheidung\/#breadcrumb"},"inLanguage":"de","potentialAction":[{"@type":"ReadAction","target":["https:\/\/blog.holyart.it\/de\/liturgische-gerate\/der-priesterliche-kelch-eine-kurze-anleitung-fuer-eine-bewusste-entscheidung\/"]}]},{"@type":"ImageObject","inLanguage":"de","@id":"https:\/\/blog.holyart.it\/de\/liturgische-gerate\/der-priesterliche-kelch-eine-kurze-anleitung-fuer-eine-bewusste-entscheidung\/#primaryimage","url":"https:\/\/blog.holyart.it\/de\/wp-content\/uploads\/sites\/12\/2021\/05\/Der-priesterliche-Kelch.jpg","contentUrl":"https:\/\/blog.holyart.it\/de\/wp-content\/uploads\/sites\/12\/2021\/05\/Der-priesterliche-Kelch.jpg","width":1000,"height":666,"caption":"Der priesterliche Kelch"},{"@type":"BreadcrumbList","@id":"https:\/\/blog.holyart.it\/de\/liturgische-gerate\/der-priesterliche-kelch-eine-kurze-anleitung-fuer-eine-bewusste-entscheidung\/#breadcrumb","itemListElement":[{"@type":"ListItem","position":1,"name":"Homepage","item":"https:\/\/blog.holyart.it\/de\/"},{"@type":"ListItem","position":2,"name":"Liturgie","item":"https:\/\/blog.holyart.it\/de\/liturgische-gerate\/"},{"@type":"ListItem","position":3,"name":"Der priesterliche Kelch: eine kurze Anleitung f\u00fcr eine bewusste Entscheidung"}]},{"@type":"WebSite","@id":"https:\/\/blog.holyart.it\/de\/#website","url":"https:\/\/blog.holyart.it\/de\/","name":"Holyart.de Blog","description":"Holyblog","publisher":{"@id":"https:\/\/blog.holyart.it\/de\/#organization"},"potentialAction":[{"@type":"SearchAction","target":{"@type":"EntryPoint","urlTemplate":"https:\/\/blog.holyart.it\/de\/?s={search_term_string}"},"query-input":{"@type":"PropertyValueSpecification","valueRequired":true,"valueName":"search_term_string"}}],"inLanguage":"de"},{"@type":"Organization","@id":"https:\/\/blog.holyart.it\/de\/#organization","name":"Holyart.de Blog","url":"https:\/\/blog.holyart.it\/de\/","logo":{"@type":"ImageObject","inLanguage":"de","@id":"https:\/\/blog.holyart.it\/de\/#\/schema\/logo\/image\/","url":"https:\/\/blog.holyart.it\/de\/wp-content\/uploads\/sites\/12\/2022\/12\/Holyart_Blog_Logo.jpg","contentUrl":"https:\/\/blog.holyart.it\/de\/wp-content\/uploads\/sites\/12\/2022\/12\/Holyart_Blog_Logo.jpg","width":300,"height":50,"caption":"Holyart.de Blog"},"image":{"@id":"https:\/\/blog.holyart.it\/de\/#\/schema\/logo\/image\/"}},{"@type":"Person","@id":"https:\/\/blog.holyart.it\/de\/#\/schema\/person\/0a7b686e5af0f856ec1e390dd0baecda","name":"Redazione","image":{"@type":"ImageObject","inLanguage":"de","@id":"https:\/\/blog.holyart.it\/de\/#\/schema\/person\/image\/","url":"https:\/\/secure.gravatar.com\/avatar\/f477da817f43e50d0af36abecd33e3edf826c68299714bdc1057dff3b113f516?s=96&d=mm&r=g","contentUrl":"https:\/\/secure.gravatar.com\/avatar\/f477da817f43e50d0af36abecd33e3edf826c68299714bdc1057dff3b113f516?s=96&d=mm&r=g","caption":"Redazione"}}]}},"_links":{"self":[{"href":"https:\/\/blog.holyart.it\/de\/wp-json\/wp\/v2\/posts\/1149","targetHints":{"allow":["GET"]}}],"collection":[{"href":"https:\/\/blog.holyart.it\/de\/wp-json\/wp\/v2\/posts"}],"about":[{"href":"https:\/\/blog.holyart.it\/de\/wp-json\/wp\/v2\/types\/post"}],"author":[{"embeddable":true,"href":"https:\/\/blog.holyart.it\/de\/wp-json\/wp\/v2\/users\/1"}],"replies":[{"embeddable":true,"href":"https:\/\/blog.holyart.it\/de\/wp-json\/wp\/v2\/comments?post=1149"}],"version-history":[{"count":0,"href":"https:\/\/blog.holyart.it\/de\/wp-json\/wp\/v2\/posts\/1149\/revisions"}],"wp:featuredmedia":[{"embeddable":true,"href":"https:\/\/blog.holyart.it\/de\/wp-json\/wp\/v2\/media\/1157"}],"wp:attachment":[{"href":"https:\/\/blog.holyart.it\/de\/wp-json\/wp\/v2\/media?parent=1149"}],"wp:term":[{"taxonomy":"category","embeddable":true,"href":"https:\/\/blog.holyart.it\/de\/wp-json\/wp\/v2\/categories?post=1149"},{"taxonomy":"post_tag","embeddable":true,"href":"https:\/\/blog.holyart.it\/de\/wp-json\/wp\/v2\/tags?post=1149"}],"curies":[{"name":"wp","href":"https:\/\/api.w.org\/{rel}","templated":true}]}}