{"id":107,"date":"2016-08-19T14:56:49","date_gmt":"2016-08-19T12:56:49","guid":{"rendered":"https:\/\/blog.holyart.it\/de\/?p=107"},"modified":"2016-10-05T17:22:24","modified_gmt":"2016-10-05T15:22:24","slug":"messgewander","status":"publish","type":"post","link":"https:\/\/blog.holyart.it\/de\/liturgische-gerate\/messgewander\/","title":{"rendered":"Messgew\u00e4nder"},"content":{"rendered":"<p>Die <strong><a title=\"Messgew\u00e4nder\" href=\"http:\/\/www.holyart.de\/liturgische-gerate\/paramente-altargarnitur-und-pultbehange\">Messgew\u00e4nder<\/a>\u00a0<\/strong>wird w\u00e4hrend der Feier bei dem Priester angezogen. Sie ist eine der wichtigsten Paramenten, und seine Benutzung folgt bestimmten Normen. Man muss die <strong>Kasel<\/strong> auf dem Humerale, Alb mit Zingulum und der Stola anziehen. Der Bischof muss auch eine Dalmatik unter der Kasel haben.<\/p>\n<p>Das Wort \u201e<strong>Kasel<\/strong>\u201c kommt aus \u201e<strong>kleines Haus<\/strong>\u201c, da am Anfang die Kasel den ganzen K\u00f6rper umh\u00fcllte.<\/p>\n<p>Im Lauf der Jahrhunderte sah das <strong>Messgewand<\/strong> eine Entwicklung, mit bedeckten oder unbedeckten \u00c4rmel, rigide Stoffen, breiteren Formen. Die Kasel wurde immer mit Symbolen und Stickereien verfeinert.<\/p>\n<p>Die Farben der <strong>Kasel <\/strong>\u00e4ndern je nach der liturgischen Zeit des Jahres: weiss, rot, violett, gr\u00fcn, rosa, schwarz oder Gold.<\/p>\n<ul>\n<li><strong>Wei\u00dfe Kasel<\/strong>: wei\u00df ist die Farbe des Lichtes. Benutzt zu Weihnachten und Oster, an Erscheinung des Herrn, am Gr\u00fcndonnerstach, sowie zu anderen Herrenfesten und Marienfesten. Weiss wird auch f\u00fcr die Hauptsakramenten, wie Taufe, Hochzeit, Kommunion benutzt. Auch <strong>Gold<\/strong> und Silber werden oft als festliche Variante der wei\u00dfen Farbe benutzt.<\/li>\n<li><strong>Rote Kasel<\/strong>: Rot ist die Farbe des Blutes, und des Feuers, und wird zu Pfingsten benutzt, und zu besonderen Festen, die mit dem Wirken des Heiligen Geistes zu tun haben. Geeignet auch f\u00fcr Konfirmation, Kirchweihe und Ordinationen.<\/li>\n<li><strong>Violette Kasel<\/strong>: Violett wird in die Fastenzeit und im Advent getragen. Als Alternative zu schwarz auch bei der Begr\u00e4bnisfeier und am Ged\u00e4chtnis Allerseelen.<\/li>\n<li><strong>Gr\u00fcne Kasel<\/strong>: als Hoffnungsfarbe, wird in der Zeit im Jahreskreis getragen.<\/li>\n<li>Rosa Kasel: man kann diese Kasel nur zu den Sonntag Gaudete (3. Adventssonntag) und Laetare (4. Fastensonntag) tragen.<\/li>\n<li><strong>Schwarze Kasel<\/strong>: wahlfrei, benutzt an Allerseelen und bei Begr\u00e4bnissen, als Alternative zu Violett.<\/li>\n<li><strong>Hellblaue Kasel<\/strong>: normalerweise zu Marienfesten benutzt.<\/li>\n<\/ul>\n","protected":false},"excerpt":{"rendered":"<p>Die Messgew\u00e4nder\u00a0wird w\u00e4hrend der Feier bei dem Priester angezogen. Sie ist eine der wichtigsten Paramenten, und seine Benutzung folgt bestimmten Normen. Man muss die Kasel auf dem Humerale, Alb mit Zingulum und der Stola anziehen. Der Bischof muss auch eine Dalmatik unter der Kasel haben.&hellip;<\/p>\n","protected":false},"author":1,"featured_media":113,"comment_status":"closed","ping_status":"open","sticky":false,"template":"","format":"standard","meta":{"_acf_changed":false,"footnotes":""},"categories":[5],"tags":[],"class_list":["post-107","post","type-post","status-publish","format-standard","has-post-thumbnail","hentry","category-liturgische-gerate"],"acf":[],"yoast_head":"<!-- This site is optimized with the Yoast SEO plugin v26.6 - https:\/\/yoast.com\/wordpress\/plugins\/seo\/ -->\n<title>Messgew\u00e4nder - Holyart.de Blog<\/title>\n<meta name=\"description\" content=\"Die Messgew\u00e4nder wird w\u00e4hrend der Feier bei dem Priester angezogen. Sie ist eine der wichtigsten Paramenten, und seine Benutzung folgt bestimmten Normen.\" \/>\n<meta name=\"robots\" content=\"index, follow, max-snippet:-1, max-image-preview:large, max-video-preview:-1\" \/>\n<link rel=\"canonical\" href=\"https:\/\/blog.holyart.it\/de\/liturgische-gerate\/messgewander\/\" \/>\n<meta property=\"og:locale\" content=\"de_DE\" \/>\n<meta property=\"og:type\" content=\"article\" \/>\n<meta property=\"og:title\" content=\"Messgew\u00e4nder - Holyart.de Blog\" \/>\n<meta property=\"og:description\" content=\"Die Messgew\u00e4nder wird w\u00e4hrend der Feier bei dem Priester angezogen. Sie ist eine der wichtigsten Paramenten, und seine Benutzung folgt bestimmten Normen.\" \/>\n<meta property=\"og:url\" content=\"https:\/\/blog.holyart.it\/de\/liturgische-gerate\/messgewander\/\" \/>\n<meta property=\"og:site_name\" content=\"Holyart.de Blog\" \/>\n<meta property=\"article:published_time\" content=\"2016-08-19T12:56:49+00:00\" \/>\n<meta property=\"article:modified_time\" content=\"2016-10-05T15:22:24+00:00\" \/>\n<meta property=\"og:image\" content=\"https:\/\/blog.holyart.it\/de\/wp-content\/uploads\/sites\/12\/2016\/08\/Messgew\u00e4nder.jpg\" \/>\n\t<meta property=\"og:image:width\" content=\"1000\" \/>\n\t<meta property=\"og:image:height\" content=\"667\" \/>\n\t<meta property=\"og:image:type\" content=\"image\/jpeg\" \/>\n<meta name=\"author\" content=\"Redazione\" \/>\n<meta name=\"twitter:card\" content=\"summary_large_image\" \/>\n<meta name=\"twitter:label1\" content=\"Verfasst von\" \/>\n\t<meta name=\"twitter:data1\" content=\"Redazione\" \/>\n\t<meta name=\"twitter:label2\" content=\"Gesch\u00e4tzte Lesezeit\" \/>\n\t<meta name=\"twitter:data2\" content=\"1\u00a0Minute\" \/>\n<script type=\"application\/ld+json\" class=\"yoast-schema-graph\">{\"@context\":\"https:\/\/schema.org\",\"@graph\":[{\"@type\":\"Article\",\"@id\":\"https:\/\/blog.holyart.it\/de\/liturgische-gerate\/messgewander\/#article\",\"isPartOf\":{\"@id\":\"https:\/\/blog.holyart.it\/de\/liturgische-gerate\/messgewander\/\"},\"author\":{\"name\":\"Redazione\",\"@id\":\"https:\/\/blog.holyart.it\/de\/#\/schema\/person\/0a7b686e5af0f856ec1e390dd0baecda\"},\"headline\":\"Messgew\u00e4nder\",\"datePublished\":\"2016-08-19T12:56:49+00:00\",\"dateModified\":\"2016-10-05T15:22:24+00:00\",\"mainEntityOfPage\":{\"@id\":\"https:\/\/blog.holyart.it\/de\/liturgische-gerate\/messgewander\/\"},\"wordCount\":280,\"publisher\":{\"@id\":\"https:\/\/blog.holyart.it\/de\/#organization\"},\"image\":{\"@id\":\"https:\/\/blog.holyart.it\/de\/liturgische-gerate\/messgewander\/#primaryimage\"},\"thumbnailUrl\":\"https:\/\/blog.holyart.it\/de\/wp-content\/uploads\/sites\/12\/2016\/08\/Messgew\u00e4nder.jpg\",\"articleSection\":[\"Liturgie\"],\"inLanguage\":\"de\"},{\"@type\":\"WebPage\",\"@id\":\"https:\/\/blog.holyart.it\/de\/liturgische-gerate\/messgewander\/\",\"url\":\"https:\/\/blog.holyart.it\/de\/liturgische-gerate\/messgewander\/\",\"name\":\"Messgew\u00e4nder - Holyart.de Blog\",\"isPartOf\":{\"@id\":\"https:\/\/blog.holyart.it\/de\/#website\"},\"primaryImageOfPage\":{\"@id\":\"https:\/\/blog.holyart.it\/de\/liturgische-gerate\/messgewander\/#primaryimage\"},\"image\":{\"@id\":\"https:\/\/blog.holyart.it\/de\/liturgische-gerate\/messgewander\/#primaryimage\"},\"thumbnailUrl\":\"https:\/\/blog.holyart.it\/de\/wp-content\/uploads\/sites\/12\/2016\/08\/Messgew\u00e4nder.jpg\",\"datePublished\":\"2016-08-19T12:56:49+00:00\",\"dateModified\":\"2016-10-05T15:22:24+00:00\",\"description\":\"Die Messgew\u00e4nder wird w\u00e4hrend der Feier bei dem Priester angezogen. Sie ist eine der wichtigsten Paramenten, und seine Benutzung folgt bestimmten Normen.\",\"breadcrumb\":{\"@id\":\"https:\/\/blog.holyart.it\/de\/liturgische-gerate\/messgewander\/#breadcrumb\"},\"inLanguage\":\"de\",\"potentialAction\":[{\"@type\":\"ReadAction\",\"target\":[\"https:\/\/blog.holyart.it\/de\/liturgische-gerate\/messgewander\/\"]}]},{\"@type\":\"ImageObject\",\"inLanguage\":\"de\",\"@id\":\"https:\/\/blog.holyart.it\/de\/liturgische-gerate\/messgewander\/#primaryimage\",\"url\":\"https:\/\/blog.holyart.it\/de\/wp-content\/uploads\/sites\/12\/2016\/08\/Messgew\u00e4nder.jpg\",\"contentUrl\":\"https:\/\/blog.holyart.it\/de\/wp-content\/uploads\/sites\/12\/2016\/08\/Messgew\u00e4nder.jpg\",\"width\":1000,\"height\":667,\"caption\":\"Messgew\u00e4nder\"},{\"@type\":\"BreadcrumbList\",\"@id\":\"https:\/\/blog.holyart.it\/de\/liturgische-gerate\/messgewander\/#breadcrumb\",\"itemListElement\":[{\"@type\":\"ListItem\",\"position\":1,\"name\":\"Homepage\",\"item\":\"https:\/\/blog.holyart.it\/de\/\"},{\"@type\":\"ListItem\",\"position\":2,\"name\":\"Liturgie\",\"item\":\"https:\/\/blog.holyart.it\/de\/liturgische-gerate\/\"},{\"@type\":\"ListItem\",\"position\":3,\"name\":\"Messgew\u00e4nder\"}]},{\"@type\":\"WebSite\",\"@id\":\"https:\/\/blog.holyart.it\/de\/#website\",\"url\":\"https:\/\/blog.holyart.it\/de\/\",\"name\":\"Holyart.de Blog\",\"description\":\"Holyblog\",\"publisher\":{\"@id\":\"https:\/\/blog.holyart.it\/de\/#organization\"},\"potentialAction\":[{\"@type\":\"SearchAction\",\"target\":{\"@type\":\"EntryPoint\",\"urlTemplate\":\"https:\/\/blog.holyart.it\/de\/?s={search_term_string}\"},\"query-input\":{\"@type\":\"PropertyValueSpecification\",\"valueRequired\":true,\"valueName\":\"search_term_string\"}}],\"inLanguage\":\"de\"},{\"@type\":\"Organization\",\"@id\":\"https:\/\/blog.holyart.it\/de\/#organization\",\"name\":\"Holyart.de Blog\",\"url\":\"https:\/\/blog.holyart.it\/de\/\",\"logo\":{\"@type\":\"ImageObject\",\"inLanguage\":\"de\",\"@id\":\"https:\/\/blog.holyart.it\/de\/#\/schema\/logo\/image\/\",\"url\":\"https:\/\/blog.holyart.it\/de\/wp-content\/uploads\/sites\/12\/2022\/12\/Holyart_Blog_Logo.jpg\",\"contentUrl\":\"https:\/\/blog.holyart.it\/de\/wp-content\/uploads\/sites\/12\/2022\/12\/Holyart_Blog_Logo.jpg\",\"width\":300,\"height\":50,\"caption\":\"Holyart.de Blog\"},\"image\":{\"@id\":\"https:\/\/blog.holyart.it\/de\/#\/schema\/logo\/image\/\"}},{\"@type\":\"Person\",\"@id\":\"https:\/\/blog.holyart.it\/de\/#\/schema\/person\/0a7b686e5af0f856ec1e390dd0baecda\",\"name\":\"Redazione\",\"image\":{\"@type\":\"ImageObject\",\"inLanguage\":\"de\",\"@id\":\"https:\/\/blog.holyart.it\/de\/#\/schema\/person\/image\/\",\"url\":\"https:\/\/secure.gravatar.com\/avatar\/f477da817f43e50d0af36abecd33e3edf826c68299714bdc1057dff3b113f516?s=96&d=mm&r=g\",\"contentUrl\":\"https:\/\/secure.gravatar.com\/avatar\/f477da817f43e50d0af36abecd33e3edf826c68299714bdc1057dff3b113f516?s=96&d=mm&r=g\",\"caption\":\"Redazione\"}}]}<\/script>\n<!-- \/ Yoast SEO plugin. -->","yoast_head_json":{"title":"Messgew\u00e4nder - Holyart.de Blog","description":"Die Messgew\u00e4nder wird w\u00e4hrend der Feier bei dem Priester angezogen. Sie ist eine der wichtigsten Paramenten, und seine Benutzung folgt bestimmten Normen.","robots":{"index":"index","follow":"follow","max-snippet":"max-snippet:-1","max-image-preview":"max-image-preview:large","max-video-preview":"max-video-preview:-1"},"canonical":"https:\/\/blog.holyart.it\/de\/liturgische-gerate\/messgewander\/","og_locale":"de_DE","og_type":"article","og_title":"Messgew\u00e4nder - Holyart.de Blog","og_description":"Die Messgew\u00e4nder wird w\u00e4hrend der Feier bei dem Priester angezogen. Sie ist eine der wichtigsten Paramenten, und seine Benutzung folgt bestimmten Normen.","og_url":"https:\/\/blog.holyart.it\/de\/liturgische-gerate\/messgewander\/","og_site_name":"Holyart.de Blog","article_published_time":"2016-08-19T12:56:49+00:00","article_modified_time":"2016-10-05T15:22:24+00:00","og_image":[{"width":1000,"height":667,"url":"https:\/\/blog.holyart.it\/de\/wp-content\/uploads\/sites\/12\/2016\/08\/Messgew\u00e4nder.jpg","type":"image\/jpeg"}],"author":"Redazione","twitter_card":"summary_large_image","twitter_misc":{"Verfasst von":"Redazione","Gesch\u00e4tzte Lesezeit":"1\u00a0Minute"},"schema":{"@context":"https:\/\/schema.org","@graph":[{"@type":"Article","@id":"https:\/\/blog.holyart.it\/de\/liturgische-gerate\/messgewander\/#article","isPartOf":{"@id":"https:\/\/blog.holyart.it\/de\/liturgische-gerate\/messgewander\/"},"author":{"name":"Redazione","@id":"https:\/\/blog.holyart.it\/de\/#\/schema\/person\/0a7b686e5af0f856ec1e390dd0baecda"},"headline":"Messgew\u00e4nder","datePublished":"2016-08-19T12:56:49+00:00","dateModified":"2016-10-05T15:22:24+00:00","mainEntityOfPage":{"@id":"https:\/\/blog.holyart.it\/de\/liturgische-gerate\/messgewander\/"},"wordCount":280,"publisher":{"@id":"https:\/\/blog.holyart.it\/de\/#organization"},"image":{"@id":"https:\/\/blog.holyart.it\/de\/liturgische-gerate\/messgewander\/#primaryimage"},"thumbnailUrl":"https:\/\/blog.holyart.it\/de\/wp-content\/uploads\/sites\/12\/2016\/08\/Messgew\u00e4nder.jpg","articleSection":["Liturgie"],"inLanguage":"de"},{"@type":"WebPage","@id":"https:\/\/blog.holyart.it\/de\/liturgische-gerate\/messgewander\/","url":"https:\/\/blog.holyart.it\/de\/liturgische-gerate\/messgewander\/","name":"Messgew\u00e4nder - Holyart.de Blog","isPartOf":{"@id":"https:\/\/blog.holyart.it\/de\/#website"},"primaryImageOfPage":{"@id":"https:\/\/blog.holyart.it\/de\/liturgische-gerate\/messgewander\/#primaryimage"},"image":{"@id":"https:\/\/blog.holyart.it\/de\/liturgische-gerate\/messgewander\/#primaryimage"},"thumbnailUrl":"https:\/\/blog.holyart.it\/de\/wp-content\/uploads\/sites\/12\/2016\/08\/Messgew\u00e4nder.jpg","datePublished":"2016-08-19T12:56:49+00:00","dateModified":"2016-10-05T15:22:24+00:00","description":"Die Messgew\u00e4nder wird w\u00e4hrend der Feier bei dem Priester angezogen. Sie ist eine der wichtigsten Paramenten, und seine Benutzung folgt bestimmten Normen.","breadcrumb":{"@id":"https:\/\/blog.holyart.it\/de\/liturgische-gerate\/messgewander\/#breadcrumb"},"inLanguage":"de","potentialAction":[{"@type":"ReadAction","target":["https:\/\/blog.holyart.it\/de\/liturgische-gerate\/messgewander\/"]}]},{"@type":"ImageObject","inLanguage":"de","@id":"https:\/\/blog.holyart.it\/de\/liturgische-gerate\/messgewander\/#primaryimage","url":"https:\/\/blog.holyart.it\/de\/wp-content\/uploads\/sites\/12\/2016\/08\/Messgew\u00e4nder.jpg","contentUrl":"https:\/\/blog.holyart.it\/de\/wp-content\/uploads\/sites\/12\/2016\/08\/Messgew\u00e4nder.jpg","width":1000,"height":667,"caption":"Messgew\u00e4nder"},{"@type":"BreadcrumbList","@id":"https:\/\/blog.holyart.it\/de\/liturgische-gerate\/messgewander\/#breadcrumb","itemListElement":[{"@type":"ListItem","position":1,"name":"Homepage","item":"https:\/\/blog.holyart.it\/de\/"},{"@type":"ListItem","position":2,"name":"Liturgie","item":"https:\/\/blog.holyart.it\/de\/liturgische-gerate\/"},{"@type":"ListItem","position":3,"name":"Messgew\u00e4nder"}]},{"@type":"WebSite","@id":"https:\/\/blog.holyart.it\/de\/#website","url":"https:\/\/blog.holyart.it\/de\/","name":"Holyart.de Blog","description":"Holyblog","publisher":{"@id":"https:\/\/blog.holyart.it\/de\/#organization"},"potentialAction":[{"@type":"SearchAction","target":{"@type":"EntryPoint","urlTemplate":"https:\/\/blog.holyart.it\/de\/?s={search_term_string}"},"query-input":{"@type":"PropertyValueSpecification","valueRequired":true,"valueName":"search_term_string"}}],"inLanguage":"de"},{"@type":"Organization","@id":"https:\/\/blog.holyart.it\/de\/#organization","name":"Holyart.de Blog","url":"https:\/\/blog.holyart.it\/de\/","logo":{"@type":"ImageObject","inLanguage":"de","@id":"https:\/\/blog.holyart.it\/de\/#\/schema\/logo\/image\/","url":"https:\/\/blog.holyart.it\/de\/wp-content\/uploads\/sites\/12\/2022\/12\/Holyart_Blog_Logo.jpg","contentUrl":"https:\/\/blog.holyart.it\/de\/wp-content\/uploads\/sites\/12\/2022\/12\/Holyart_Blog_Logo.jpg","width":300,"height":50,"caption":"Holyart.de Blog"},"image":{"@id":"https:\/\/blog.holyart.it\/de\/#\/schema\/logo\/image\/"}},{"@type":"Person","@id":"https:\/\/blog.holyart.it\/de\/#\/schema\/person\/0a7b686e5af0f856ec1e390dd0baecda","name":"Redazione","image":{"@type":"ImageObject","inLanguage":"de","@id":"https:\/\/blog.holyart.it\/de\/#\/schema\/person\/image\/","url":"https:\/\/secure.gravatar.com\/avatar\/f477da817f43e50d0af36abecd33e3edf826c68299714bdc1057dff3b113f516?s=96&d=mm&r=g","contentUrl":"https:\/\/secure.gravatar.com\/avatar\/f477da817f43e50d0af36abecd33e3edf826c68299714bdc1057dff3b113f516?s=96&d=mm&r=g","caption":"Redazione"}}]}},"_links":{"self":[{"href":"https:\/\/blog.holyart.it\/de\/wp-json\/wp\/v2\/posts\/107","targetHints":{"allow":["GET"]}}],"collection":[{"href":"https:\/\/blog.holyart.it\/de\/wp-json\/wp\/v2\/posts"}],"about":[{"href":"https:\/\/blog.holyart.it\/de\/wp-json\/wp\/v2\/types\/post"}],"author":[{"embeddable":true,"href":"https:\/\/blog.holyart.it\/de\/wp-json\/wp\/v2\/users\/1"}],"replies":[{"embeddable":true,"href":"https:\/\/blog.holyart.it\/de\/wp-json\/wp\/v2\/comments?post=107"}],"version-history":[{"count":0,"href":"https:\/\/blog.holyart.it\/de\/wp-json\/wp\/v2\/posts\/107\/revisions"}],"wp:featuredmedia":[{"embeddable":true,"href":"https:\/\/blog.holyart.it\/de\/wp-json\/wp\/v2\/media\/113"}],"wp:attachment":[{"href":"https:\/\/blog.holyart.it\/de\/wp-json\/wp\/v2\/media?parent=107"}],"wp:term":[{"taxonomy":"category","embeddable":true,"href":"https:\/\/blog.holyart.it\/de\/wp-json\/wp\/v2\/categories?post=107"},{"taxonomy":"post_tag","embeddable":true,"href":"https:\/\/blog.holyart.it\/de\/wp-json\/wp\/v2\/tags?post=107"}],"curies":[{"name":"wp","href":"https:\/\/api.w.org\/{rel}","templated":true}]}}